{"id":987501578,"date":"2026-08-12T16:22:00","date_gmt":"2026-08-12T16:22:00","guid":{"rendered":"https:\/\/expoplasticos.mx\/2026\/?p=987501578"},"modified":"2026-09-03T16:24:25","modified_gmt":"2026-09-03T16:24:25","slug":"la-ue-aplica-desde-manana-las-reglas-para-que-los-autos-tengan-25-de-plastico-reciclado-en-10-anos","status":"publish","type":"post","link":"https:\/\/expoplasticos.mx\/2026\/la-ue-aplica-desde-manana-las-reglas-para-que-los-autos-tengan-25-de-plastico-reciclado-en-10-anos\/","title":{"rendered":"La UE aplica desde ma\u00f1ana las reglas para que los autos tengan 25% de pl\u00e1stico reciclado en 10 a\u00f1os"},"content":{"rendered":"\n<h3 class=\"wp-block-heading\">El nuevo reglamento establece por primera vez metas obligatorias para incorporar este material en el sector y prev\u00e9 que la Comisi\u00f3n fije tambi\u00e9n objetivos para el acero y el aluminio que deber\u00e1n aplicarse a partir de 2033.<\/h3>\n\n\n\n<p class=\"wp-block-paragraph\">La Uni\u00f3n Europea comenzar\u00e1 a aplicar este jueves sus <strong>nuevas reglas sobre dise\u00f1o, producci\u00f3n y tratamiento de los veh\u00edculos<\/strong> al final de su vida \u00fatil, que obligar\u00e1 a los fabricantes europeos a utilizar al menos un 25% de pl\u00e1stico reciclado en la composici\u00f3n de los coches nuevos que saquen al mercado a partir de 2036, con un primer objetivo intermedio de un 15% a los seis a\u00f1os, adem\u00e1s de introducir requisitos para facilitar el desmontaje, la reutilizaci\u00f3n y el reciclaje de sus componentes.<\/p>\n\n\n\n<p class=\"wp-block-paragraph\">El nuevo reglamento establece por primera vez metas obligatorias para incorporar este material en el sector y prev\u00e9 que la Comisi\u00f3n fije tambi\u00e9n <strong>objetivos para el acero y el aluminio que deber\u00e1n aplicarse a partir de 2033<\/strong>, con el objetivo de aumentar el uso de materias primas secundarias y reducir la dependencia europea de recursos v\u00edrgenes importados.<\/p>\n\n\n\n<p class=\"wp-block-paragraph\">La Uni\u00f3n Europea comenzar\u00e1 a aplicar este jueves sus <strong>nuevas reglas sobre dise\u00f1o, producci\u00f3n y tratamiento de los veh\u00edculos<\/strong> al final de su vida \u00fatil, que obligar\u00e1 a los fabricantes europeos a utilizar al menos un 25% de pl\u00e1stico reciclado en la composici\u00f3n de los coches nuevos que saquen al mercado a partir de 2036, con un primer objetivo intermedio de un 15% a los seis a\u00f1os, adem\u00e1s de introducir requisitos para facilitar el desmontaje, la reutilizaci\u00f3n y el reciclaje de sus componentes.<\/p>\n\n\n\n<p class=\"wp-block-paragraph\">El nuevo reglamento establece por primera vez metas obligatorias para incorporar este material en el sector y prev\u00e9 que la Comisi\u00f3n fije tambi\u00e9n <strong>objetivos para el acero y el aluminio que deber\u00e1n aplicarse a partir de 2033<\/strong>, con el objetivo de aumentar el uso de materias primas secundarias y reducir la dependencia europea de recursos v\u00edrgenes importados.<\/p>\n\n\n\n<p class=\"wp-block-paragraph\">\u00abEl reglamento no trata solo de residuos, sino de resiliencia y del futuro industrial de Europa\u00bb, defendi\u00f3 el vicepresidente de la Comisi\u00f3n para Prosperidad y Estrategia Industrial, St\u00e9phane S\u00e9journ\u00e9, quien ha asegurado que las nuevas reglas contribuir\u00e1n a reducir la dependencia de proveedores externos y a mantener recursos estrat\u00e9gicos dentro de la Uni\u00f3n.<\/p>\n\n\n\n<p class=\"wp-block-paragraph\">Seg\u00fan se\u00f1ala el Ejecutivo comunitario, <strong>cada a\u00f1o, entre 10 y 12 millones de veh\u00edculos llegan al final de su vida \u00fatil en Europa<\/strong> y pasan a ser considerados residuos, una fuente de materiales como acero, aluminio, cobre o pl\u00e1stico que Bruselas pretende recuperar en mayor medida para su reutilizaci\u00f3n en la econom\u00eda europea.<\/p>\n\n\n\n<p class=\"wp-block-paragraph\">Para ello, los fabricantes deber\u00e1n proporcionar instrucciones \u00abclaras y detalladas\u00bb sobre la retirada y sustituci\u00f3n de piezas tanto durante la vida \u00fatil de los veh\u00edculos como cuando sean desmantelados, de manera que los componentes puedan recuperarse y reutilizarse o reciclarse con mayor facilidad.<\/p>\n\n\n\n<h3 class=\"wp-block-heading\">M\u00e1s piezas reutilizadas y responsabilidad para los fabricantes<\/h3>\n\n\n\n<p class=\"wp-block-paragraph\">Las nuevas normas incorporan tambi\u00e9n medidas para fomentar la reutilizaci\u00f3n, la remanufactura y el reacondicionamiento de componentes con el objetivo de <strong>aumentar la disponibilidad de piezas de segunda mano<\/strong> y facilitar su aprovechamiento antes de que los materiales sean enviados a reciclaje.<\/p>\n\n\n\n<p class=\"wp-block-paragraph\">Al mismo tiempo, se refuerza la denominada responsabilidad ampliada del productor, que obligar\u00e1 a los fabricantes a contribuir a financiar la recogida y tratamiento de los veh\u00edculos cuando alcancen el final de su vida \u00fatil, con la intenci\u00f3n de incentivar desde su dise\u00f1o una mayor facilidad para desmontarlos y recuperar sus componentes.<\/p>\n\n\n\n<p class=\"wp-block-paragraph\">\u00abEsto va m\u00e1s all\u00e1 del reciclaje: se trata de garantizar el acceso a materiales cr\u00edticos y hacer que nuestro sector automovil\u00edstico sea verdaderamente circular\u00bb, se\u00f1al\u00f3 la comisaria de Medio Ambiente, Resiliencia H\u00eddrica y Econom\u00eda Circular Competitiva, Jessika Roswall.<\/p>\n\n\n\n<p class=\"wp-block-paragraph\">En este sentido, la normativa introduce medidas espec\u00edficas para <strong>aumentar la recuperaci\u00f3n de materiales como el aluminio, el cobre y las tierras raras<\/strong> procedentes de veh\u00edculos desechados y facilitar posteriormente su reutilizaci\u00f3n y reciclaje dentro de la UE.<\/p>\n\n\n\n<h3 class=\"wp-block-heading\">Solo veh\u00edculos aptos para circular podr\u00e1n exportarse desde 2031<\/h3>\n\n\n\n<p class=\"wp-block-paragraph\"><strong>Otro de los cambios llegar\u00e1 a mediados de 2031<\/strong>, cuando \u00fanicamente podr\u00e1n exportarse fuera de la UE aquellos que sean \u00abaptos para circular\u00bb, es decir, que cumplan los requisitos de las inspecciones t\u00e9cnicas exigidos por la normativa europea, una medida destinada a impedir que autom\u00f3viles considerados residuos sean enviados a terceros pa\u00edses como veh\u00edculos de segunda mano.<\/p>\n\n\n\n<p class=\"wp-block-paragraph\">La regulaci\u00f3n reforzar\u00e1 para ello los requisitos de trazabilidad y los <strong>criterios utilizados para distinguir entre un veh\u00edculo usado y otro que ha alcanzado el final de su vida \u00fatil<\/strong>, adem\u00e1s de endurecer los mecanismos de control para garantizar una aplicaci\u00f3n homog\u00e9nea en los Estados miembro.<\/p>\n\n\n\n<p class=\"wp-block-paragraph\">El nuevo marco ampl\u00eda asimismo progresivamente estas obligaciones a otras categor\u00edas, <strong>entre ellas camiones, autobuses y motocicletas<\/strong>, y sustituye las normas europeas vigentes desde comienzos de los a\u00f1os 2000 sobre el tratamiento de autom\u00f3viles desechados y su capacidad de reutilizaci\u00f3n, reciclaje y recuperaci\u00f3n.<\/p>\n\n\n\n<p class=\"wp-block-paragraph\">Fuente: <a href=\"https:\/\/www.eleconomista.com.mx\/empresas\/ue-aplica-manana-reglas-autos-tengan-25-plastico-reciclado-10-anos-20260812-827868.html\">https:\/\/www.eleconomista.com.mx\/<\/a><\/p>\n","protected":false},"excerpt":{"rendered":"<p>El nuevo reglamento establece por primera vez metas obligatorias para incorporar este material en el sector y prev\u00e9 que la Comisi\u00f3n fije tambi\u00e9n objetivos para el acero y el aluminio que deber\u00e1n aplicarse a partir de 2033. La Uni\u00f3n Europea comenzar\u00e1 a aplicar este jueves sus nuevas reglas sobre dise\u00f1o, producci\u00f3n y tratamiento de los [&hellip;]<\/p>\n","protected":false},"author":1,"featured_media":987501579,"comment_status":"closed","ping_status":"closed","sticky":false,"template":"","format":"standard","meta":{"_et_pb_use_builder":"off","_et_pb_old_content":"","_et_gb_content_width":"1080","cybocfi_hide_featured_image":"","footnotes":""},"categories":[19],"tags":[],"class_list":["post-987501578","post","type-post","status-publish","format-standard","has-post-thumbnail","hentry","category-noticias"],"yoast_head":"<!-- This site is optimized with the Yoast SEO plugin v26.5 - https:\/\/yoast.com\/wordpress\/plugins\/seo\/ -->\n<title>La UE aplica desde ma\u00f1ana las reglas para que los autos tengan 25% de pl\u00e1stico reciclado en 10 a\u00f1os - Expo Pl\u00e1sticos 2027<\/title>\n<meta name=\"description\" content=\"El nuevo reglamento establece por primera vez metas obligatorias para incorporar este material en el sector y prev\u00e9 que la Comisi\u00f3n fije tambi\u00e9n objetivos para el acero y el aluminio que deber\u00e1n aplicarse a partir de 2033.\" \/>\n<meta name=\"robots\" content=\"index, follow, max-snippet:-1, max-image-preview:large, max-video-preview:-1\" \/>\n<link rel=\"canonical\" href=\"https:\/\/expoplasticos.mx\/2026\/la-ue-aplica-desde-manana-las-reglas-para-que-los-autos-tengan-25-de-plastico-reciclado-en-10-anos\/\" \/>\n<meta property=\"og:locale\" content=\"es_ES\" \/>\n<meta property=\"og:type\" content=\"article\" \/>\n<meta property=\"og:title\" content=\"La UE aplica desde ma\u00f1ana las reglas para que los autos tengan 25% de pl\u00e1stico reciclado en 10 a\u00f1os\" \/>\n<meta property=\"og:description\" content=\"El nuevo reglamento establece por primera vez metas obligatorias para incorporar este material en el sector y prev\u00e9 que la Comisi\u00f3n fije tambi\u00e9n objetivos para el acero y el aluminio que deber\u00e1n aplicarse a partir de 2033.\" \/>\n<meta property=\"og:url\" content=\"https:\/\/expoplasticos.mx\/2026\/la-ue-aplica-desde-manana-las-reglas-para-que-los-autos-tengan-25-de-plastico-reciclado-en-10-anos\/\" \/>\n<meta property=\"og:site_name\" content=\"Expo Pl\u00e1sticos 2027\" \/>\n<meta property=\"article:publisher\" content=\"http:\/\/www.facebook.com\/ExpoPlasticos\" \/>\n<meta property=\"article:published_time\" content=\"2026-08-12T16:22:00+00:00\" \/>\n<meta property=\"article:modified_time\" content=\"2026-09-03T16:24:25+00:00\" \/>\n<meta property=\"og:image\" content=\"https:\/\/expoplasticos.mx\/2026\/wp-content\/uploads\/2026\/09\/Blog_12Agosto2026.webp\" \/>\n\t<meta property=\"og:image:width\" content=\"1200\" \/>\n\t<meta property=\"og:image:height\" content=\"500\" \/>\n\t<meta property=\"og:image:type\" content=\"image\/webp\" \/>\n<meta name=\"author\" content=\"daniela\" \/>\n<meta name=\"twitter:card\" content=\"summary_large_image\" \/>\n<meta name=\"twitter:title\" content=\"La UE aplica desde ma\u00f1ana las reglas para que los autos tengan 25% de pl\u00e1stico reciclado en 10 a\u00f1os\" \/>\n<meta name=\"twitter:description\" content=\"El nuevo reglamento establece por primera vez metas obligatorias para incorporar este material en el sector y prev\u00e9 que la Comisi\u00f3n fije tambi\u00e9n objetivos para el acero y el aluminio que deber\u00e1n aplicarse a partir de 2033.\" \/>\n<meta name=\"twitter:image\" content=\"https:\/\/expoplasticos.mx\/2026\/wp-content\/uploads\/2026\/09\/Blog_12Agosto2026.webp\" \/>\n<meta name=\"twitter:creator\" content=\"@expoplasticos\" \/>\n<meta name=\"twitter:site\" content=\"@expoplasticos\" \/>\n<meta name=\"twitter:label1\" content=\"Escrito por\" \/>\n\t<meta name=\"twitter:data1\" content=\"daniela\" \/>\n\t<meta name=\"twitter:label2\" content=\"Tiempo de lectura\" \/>\n\t<meta name=\"twitter:data2\" content=\"4 minutos\" \/>\n<script type=\"application\/ld+json\" class=\"yoast-schema-graph\">{\"@context\":\"https:\/\/schema.org\",\"@graph\":[{\"@type\":\"Article\",\"@id\":\"https:\/\/expoplasticos.mx\/2026\/la-ue-aplica-desde-manana-las-reglas-para-que-los-autos-tengan-25-de-plastico-reciclado-en-10-anos\/#article\",\"isPartOf\":{\"@id\":\"https:\/\/expoplasticos.mx\/2026\/la-ue-aplica-desde-manana-las-reglas-para-que-los-autos-tengan-25-de-plastico-reciclado-en-10-anos\/\"},\"author\":{\"name\":\"daniela\",\"@id\":\"https:\/\/expoplasticos.mx\/2026\/#\/schema\/person\/c14a8de37d62fa837c48472178d1c081\"},\"headline\":\"La UE aplica desde ma\u00f1ana las reglas para que los autos tengan 25% de pl\u00e1stico reciclado en 10 a\u00f1os\",\"datePublished\":\"2026-08-12T16:22:00+00:00\",\"dateModified\":\"2026-09-03T16:24:25+00:00\",\"mainEntityOfPage\":{\"@id\":\"https:\/\/expoplasticos.mx\/2026\/la-ue-aplica-desde-manana-las-reglas-para-que-los-autos-tengan-25-de-plastico-reciclado-en-10-anos\/\"},\"wordCount\":890,\"publisher\":{\"@id\":\"https:\/\/expoplasticos.mx\/2026\/#organization\"},\"image\":{\"@id\":\"https:\/\/expoplasticos.mx\/2026\/la-ue-aplica-desde-manana-las-reglas-para-que-los-autos-tengan-25-de-plastico-reciclado-en-10-anos\/#primaryimage\"},\"thumbnailUrl\":\"https:\/\/expoplasticos.mx\/2026\/wp-content\/uploads\/2026\/09\/Blog_12Agosto2026.webp\",\"articleSection\":[\"NOTICIAS\"],\"inLanguage\":\"es\"},{\"@type\":\"WebPage\",\"@id\":\"https:\/\/expoplasticos.mx\/2026\/la-ue-aplica-desde-manana-las-reglas-para-que-los-autos-tengan-25-de-plastico-reciclado-en-10-anos\/\",\"url\":\"https:\/\/expoplasticos.mx\/2026\/la-ue-aplica-desde-manana-las-reglas-para-que-los-autos-tengan-25-de-plastico-reciclado-en-10-anos\/\",\"name\":\"La UE aplica desde ma\u00f1ana las reglas para que los autos tengan 25% de pl\u00e1stico reciclado en 10 a\u00f1os - Expo Pl\u00e1sticos 2027\",\"isPartOf\":{\"@id\":\"https:\/\/expoplasticos.mx\/2026\/#website\"},\"primaryImageOfPage\":{\"@id\":\"https:\/\/expoplasticos.mx\/2026\/la-ue-aplica-desde-manana-las-reglas-para-que-los-autos-tengan-25-de-plastico-reciclado-en-10-anos\/#primaryimage\"},\"image\":{\"@id\":\"https:\/\/expoplasticos.mx\/2026\/la-ue-aplica-desde-manana-las-reglas-para-que-los-autos-tengan-25-de-plastico-reciclado-en-10-anos\/#primaryimage\"},\"thumbnailUrl\":\"https:\/\/expoplasticos.mx\/2026\/wp-content\/uploads\/2026\/09\/Blog_12Agosto2026.webp\",\"datePublished\":\"2026-08-12T16:22:00+00:00\",\"dateModified\":\"2026-09-03T16:24:25+00:00\",\"description\":\"El nuevo reglamento establece por primera vez metas obligatorias para incorporar este material en el sector y prev\u00e9 que la Comisi\u00f3n fije tambi\u00e9n objetivos para el acero y el aluminio que deber\u00e1n aplicarse a partir de 2033.\",\"breadcrumb\":{\"@id\":\"https:\/\/expoplasticos.mx\/2026\/la-ue-aplica-desde-manana-las-reglas-para-que-los-autos-tengan-25-de-plastico-reciclado-en-10-anos\/#breadcrumb\"},\"inLanguage\":\"es\",\"potentialAction\":[{\"@type\":\"ReadAction\",\"target\":[\"https:\/\/expoplasticos.mx\/2026\/la-ue-aplica-desde-manana-las-reglas-para-que-los-autos-tengan-25-de-plastico-reciclado-en-10-anos\/\"]}]},{\"@type\":\"ImageObject\",\"inLanguage\":\"es\",\"@id\":\"https:\/\/expoplasticos.mx\/2026\/la-ue-aplica-desde-manana-las-reglas-para-que-los-autos-tengan-25-de-plastico-reciclado-en-10-anos\/#primaryimage\",\"url\":\"https:\/\/expoplasticos.mx\/2026\/wp-content\/uploads\/2026\/09\/Blog_12Agosto2026.webp\",\"contentUrl\":\"https:\/\/expoplasticos.mx\/2026\/wp-content\/uploads\/2026\/09\/Blog_12Agosto2026.webp\",\"width\":1200,\"height\":500},{\"@type\":\"BreadcrumbList\",\"@id\":\"https:\/\/expoplasticos.mx\/2026\/la-ue-aplica-desde-manana-las-reglas-para-que-los-autos-tengan-25-de-plastico-reciclado-en-10-anos\/#breadcrumb\",\"itemListElement\":[{\"@type\":\"ListItem\",\"position\":1,\"name\":\"Inicio\",\"item\":\"https:\/\/expoplasticos.mx\/2026\/\"},{\"@type\":\"ListItem\",\"position\":2,\"name\":\"NOTICIAS\",\"item\":\"https:\/\/expoplasticos.mx\/2026\/category\/noticias\/\"},{\"@type\":\"ListItem\",\"position\":3,\"name\":\"La UE aplica desde ma\u00f1ana las reglas para que los autos tengan 25% de pl\u00e1stico reciclado en 10 a\u00f1os\"}]},{\"@type\":\"WebSite\",\"@id\":\"https:\/\/expoplasticos.mx\/2026\/#website\",\"url\":\"https:\/\/expoplasticos.mx\/2026\/\",\"name\":\"Expo Pl\u00e1sticos 2026\",\"description\":\"El punto de encuentro para la transformaci\u00f3n de la industria del pl\u00e1stico\",\"publisher\":{\"@id\":\"https:\/\/expoplasticos.mx\/2026\/#organization\"},\"potentialAction\":[{\"@type\":\"SearchAction\",\"target\":{\"@type\":\"EntryPoint\",\"urlTemplate\":\"https:\/\/expoplasticos.mx\/2026\/?s={search_term_string}\"},\"query-input\":{\"@type\":\"PropertyValueSpecification\",\"valueRequired\":true,\"valueName\":\"search_term_string\"}}],\"inLanguage\":\"es\"},{\"@type\":\"Organization\",\"@id\":\"https:\/\/expoplasticos.mx\/2026\/#organization\",\"name\":\"Expo Pl\u00e1sticos 2026\",\"url\":\"https:\/\/expoplasticos.mx\/2026\/\",\"logo\":{\"@type\":\"ImageObject\",\"inLanguage\":\"es\",\"@id\":\"https:\/\/expoplasticos.mx\/2026\/#\/schema\/logo\/image\/\",\"url\":\"https:\/\/expoplasticos.mx\/2026\/wp-content\/uploads\/2025\/10\/EP26_LogYoast.webp\",\"contentUrl\":\"https:\/\/expoplasticos.mx\/2026\/wp-content\/uploads\/2025\/10\/EP26_LogYoast.webp\",\"width\":875,\"height\":286,\"caption\":\"Expo Pl\u00e1sticos 2026\"},\"image\":{\"@id\":\"https:\/\/expoplasticos.mx\/2026\/#\/schema\/logo\/image\/\"},\"sameAs\":[\"http:\/\/www.facebook.com\/ExpoPlasticos\",\"https:\/\/x.com\/expoplasticos\",\"http:\/\/www.instagram.com\/ExpoPlasticos\",\"https:\/\/www.linkedin.com\/company\/expoplasticos\/posts\/?feedView=all\",\"https:\/\/www.youtube.com\/@ExpoPlasticos\"]},{\"@type\":\"Person\",\"@id\":\"https:\/\/expoplasticos.mx\/2026\/#\/schema\/person\/c14a8de37d62fa837c48472178d1c081\",\"name\":\"daniela\",\"image\":{\"@type\":\"ImageObject\",\"inLanguage\":\"es\",\"@id\":\"https:\/\/expoplasticos.mx\/2026\/#\/schema\/person\/image\/\",\"url\":\"https:\/\/secure.gravatar.com\/avatar\/6804e94c76f778ac07bce28b7595d8a0248a29d955fb308ffce6715e3d08c55f?s=96&d=mm&r=g\",\"contentUrl\":\"https:\/\/secure.gravatar.com\/avatar\/6804e94c76f778ac07bce28b7595d8a0248a29d955fb308ffce6715e3d08c55f?s=96&d=mm&r=g\",\"caption\":\"daniela\"},\"sameAs\":[\"http:\/\/expoplasticos.mx\/2026\"]}]}<\/script>\n<!-- \/ Yoast SEO plugin. -->","yoast_head_json":{"title":"La UE aplica desde ma\u00f1ana las reglas para que los autos tengan 25% de pl\u00e1stico reciclado en 10 a\u00f1os - Expo Pl\u00e1sticos 2027","description":"El nuevo reglamento establece por primera vez metas obligatorias para incorporar este material en el sector y prev\u00e9 que la Comisi\u00f3n fije tambi\u00e9n objetivos para el acero y el aluminio que deber\u00e1n aplicarse a partir de 2033.","robots":{"index":"index","follow":"follow","max-snippet":"max-snippet:-1","max-image-preview":"max-image-preview:large","max-video-preview":"max-video-preview:-1"},"canonical":"https:\/\/expoplasticos.mx\/2026\/la-ue-aplica-desde-manana-las-reglas-para-que-los-autos-tengan-25-de-plastico-reciclado-en-10-anos\/","og_locale":"es_ES","og_type":"article","og_title":"La UE aplica desde ma\u00f1ana las reglas para que los autos tengan 25% de pl\u00e1stico reciclado en 10 a\u00f1os","og_description":"El nuevo reglamento establece por primera vez metas obligatorias para incorporar este material en el sector y prev\u00e9 que la Comisi\u00f3n fije tambi\u00e9n objetivos para el acero y el aluminio que deber\u00e1n aplicarse a partir de 2033.","og_url":"https:\/\/expoplasticos.mx\/2026\/la-ue-aplica-desde-manana-las-reglas-para-que-los-autos-tengan-25-de-plastico-reciclado-en-10-anos\/","og_site_name":"Expo Pl\u00e1sticos 2027","article_publisher":"http:\/\/www.facebook.com\/ExpoPlasticos","article_published_time":"2026-08-12T16:22:00+00:00","article_modified_time":"2026-09-03T16:24:25+00:00","og_image":[{"width":1200,"height":500,"url":"https:\/\/expoplasticos.mx\/2026\/wp-content\/uploads\/2026\/09\/Blog_12Agosto2026.webp","type":"image\/webp"}],"author":"daniela","twitter_card":"summary_large_image","twitter_title":"La UE aplica desde ma\u00f1ana las reglas para que los autos tengan 25% de pl\u00e1stico reciclado en 10 a\u00f1os","twitter_description":"El nuevo reglamento establece por primera vez metas obligatorias para incorporar este material en el sector y prev\u00e9 que la Comisi\u00f3n fije tambi\u00e9n objetivos para el acero y el aluminio que deber\u00e1n aplicarse a partir de 2033.","twitter_image":"https:\/\/expoplasticos.mx\/2026\/wp-content\/uploads\/2026\/09\/Blog_12Agosto2026.webp","twitter_creator":"@expoplasticos","twitter_site":"@expoplasticos","twitter_misc":{"Escrito por":"daniela","Tiempo de lectura":"4 minutos"},"schema":{"@context":"https:\/\/schema.org","@graph":[{"@type":"Article","@id":"https:\/\/expoplasticos.mx\/2026\/la-ue-aplica-desde-manana-las-reglas-para-que-los-autos-tengan-25-de-plastico-reciclado-en-10-anos\/#article","isPartOf":{"@id":"https:\/\/expoplasticos.mx\/2026\/la-ue-aplica-desde-manana-las-reglas-para-que-los-autos-tengan-25-de-plastico-reciclado-en-10-anos\/"},"author":{"name":"daniela","@id":"https:\/\/expoplasticos.mx\/2026\/#\/schema\/person\/c14a8de37d62fa837c48472178d1c081"},"headline":"La UE aplica desde ma\u00f1ana las reglas para que los autos tengan 25% de pl\u00e1stico reciclado en 10 a\u00f1os","datePublished":"2026-08-12T16:22:00+00:00","dateModified":"2026-09-03T16:24:25+00:00","mainEntityOfPage":{"@id":"https:\/\/expoplasticos.mx\/2026\/la-ue-aplica-desde-manana-las-reglas-para-que-los-autos-tengan-25-de-plastico-reciclado-en-10-anos\/"},"wordCount":890,"publisher":{"@id":"https:\/\/expoplasticos.mx\/2026\/#organization"},"image":{"@id":"https:\/\/expoplasticos.mx\/2026\/la-ue-aplica-desde-manana-las-reglas-para-que-los-autos-tengan-25-de-plastico-reciclado-en-10-anos\/#primaryimage"},"thumbnailUrl":"https:\/\/expoplasticos.mx\/2026\/wp-content\/uploads\/2026\/09\/Blog_12Agosto2026.webp","articleSection":["NOTICIAS"],"inLanguage":"es"},{"@type":"WebPage","@id":"https:\/\/expoplasticos.mx\/2026\/la-ue-aplica-desde-manana-las-reglas-para-que-los-autos-tengan-25-de-plastico-reciclado-en-10-anos\/","url":"https:\/\/expoplasticos.mx\/2026\/la-ue-aplica-desde-manana-las-reglas-para-que-los-autos-tengan-25-de-plastico-reciclado-en-10-anos\/","name":"La UE aplica desde ma\u00f1ana las reglas para que los autos tengan 25% de pl\u00e1stico reciclado en 10 a\u00f1os - Expo Pl\u00e1sticos 2027","isPartOf":{"@id":"https:\/\/expoplasticos.mx\/2026\/#website"},"primaryImageOfPage":{"@id":"https:\/\/expoplasticos.mx\/2026\/la-ue-aplica-desde-manana-las-reglas-para-que-los-autos-tengan-25-de-plastico-reciclado-en-10-anos\/#primaryimage"},"image":{"@id":"https:\/\/expoplasticos.mx\/2026\/la-ue-aplica-desde-manana-las-reglas-para-que-los-autos-tengan-25-de-plastico-reciclado-en-10-anos\/#primaryimage"},"thumbnailUrl":"https:\/\/expoplasticos.mx\/2026\/wp-content\/uploads\/2026\/09\/Blog_12Agosto2026.webp","datePublished":"2026-08-12T16:22:00+00:00","dateModified":"2026-09-03T16:24:25+00:00","description":"El nuevo reglamento establece por primera vez metas obligatorias para incorporar este material en el sector y prev\u00e9 que la Comisi\u00f3n fije tambi\u00e9n objetivos para el acero y el aluminio que deber\u00e1n aplicarse a partir de 2033.","breadcrumb":{"@id":"https:\/\/expoplasticos.mx\/2026\/la-ue-aplica-desde-manana-las-reglas-para-que-los-autos-tengan-25-de-plastico-reciclado-en-10-anos\/#breadcrumb"},"inLanguage":"es","potentialAction":[{"@type":"ReadAction","target":["https:\/\/expoplasticos.mx\/2026\/la-ue-aplica-desde-manana-las-reglas-para-que-los-autos-tengan-25-de-plastico-reciclado-en-10-anos\/"]}]},{"@type":"ImageObject","inLanguage":"es","@id":"https:\/\/expoplasticos.mx\/2026\/la-ue-aplica-desde-manana-las-reglas-para-que-los-autos-tengan-25-de-plastico-reciclado-en-10-anos\/#primaryimage","url":"https:\/\/expoplasticos.mx\/2026\/wp-content\/uploads\/2026\/09\/Blog_12Agosto2026.webp","contentUrl":"https:\/\/expoplasticos.mx\/2026\/wp-content\/uploads\/2026\/09\/Blog_12Agosto2026.webp","width":1200,"height":500},{"@type":"BreadcrumbList","@id":"https:\/\/expoplasticos.mx\/2026\/la-ue-aplica-desde-manana-las-reglas-para-que-los-autos-tengan-25-de-plastico-reciclado-en-10-anos\/#breadcrumb","itemListElement":[{"@type":"ListItem","position":1,"name":"Inicio","item":"https:\/\/expoplasticos.mx\/2026\/"},{"@type":"ListItem","position":2,"name":"NOTICIAS","item":"https:\/\/expoplasticos.mx\/2026\/category\/noticias\/"},{"@type":"ListItem","position":3,"name":"La UE aplica desde ma\u00f1ana las reglas para que los autos tengan 25% de pl\u00e1stico reciclado en 10 a\u00f1os"}]},{"@type":"WebSite","@id":"https:\/\/expoplasticos.mx\/2026\/#website","url":"https:\/\/expoplasticos.mx\/2026\/","name":"Expo Pl\u00e1sticos 2026","description":"El punto de encuentro para la transformaci\u00f3n de la industria del pl\u00e1stico","publisher":{"@id":"https:\/\/expoplasticos.mx\/2026\/#organization"},"potentialAction":[{"@type":"SearchAction","target":{"@type":"EntryPoint","urlTemplate":"https:\/\/expoplasticos.mx\/2026\/?s={search_term_string}"},"query-input":{"@type":"PropertyValueSpecification","valueRequired":true,"valueName":"search_term_string"}}],"inLanguage":"es"},{"@type":"Organization","@id":"https:\/\/expoplasticos.mx\/2026\/#organization","name":"Expo Pl\u00e1sticos 2026","url":"https:\/\/expoplasticos.mx\/2026\/","logo":{"@type":"ImageObject","inLanguage":"es","@id":"https:\/\/expoplasticos.mx\/2026\/#\/schema\/logo\/image\/","url":"https:\/\/expoplasticos.mx\/2026\/wp-content\/uploads\/2025\/10\/EP26_LogYoast.webp","contentUrl":"https:\/\/expoplasticos.mx\/2026\/wp-content\/uploads\/2025\/10\/EP26_LogYoast.webp","width":875,"height":286,"caption":"Expo Pl\u00e1sticos 2026"},"image":{"@id":"https:\/\/expoplasticos.mx\/2026\/#\/schema\/logo\/image\/"},"sameAs":["http:\/\/www.facebook.com\/ExpoPlasticos","https:\/\/x.com\/expoplasticos","http:\/\/www.instagram.com\/ExpoPlasticos","https:\/\/www.linkedin.com\/company\/expoplasticos\/posts\/?feedView=all","https:\/\/www.youtube.com\/@ExpoPlasticos"]},{"@type":"Person","@id":"https:\/\/expoplasticos.mx\/2026\/#\/schema\/person\/c14a8de37d62fa837c48472178d1c081","name":"daniela","image":{"@type":"ImageObject","inLanguage":"es","@id":"https:\/\/expoplasticos.mx\/2026\/#\/schema\/person\/image\/","url":"https:\/\/secure.gravatar.com\/avatar\/6804e94c76f778ac07bce28b7595d8a0248a29d955fb308ffce6715e3d08c55f?s=96&d=mm&r=g","contentUrl":"https:\/\/secure.gravatar.com\/avatar\/6804e94c76f778ac07bce28b7595d8a0248a29d955fb308ffce6715e3d08c55f?s=96&d=mm&r=g","caption":"daniela"},"sameAs":["http:\/\/expoplasticos.mx\/2026"]}]}},"_links":{"self":[{"href":"https:\/\/expoplasticos.mx\/2026\/wp-json\/wp\/v2\/posts\/987501578","targetHints":{"allow":["GET"]}}],"collection":[{"href":"https:\/\/expoplasticos.mx\/2026\/wp-json\/wp\/v2\/posts"}],"about":[{"href":"https:\/\/expoplasticos.mx\/2026\/wp-json\/wp\/v2\/types\/post"}],"author":[{"embeddable":true,"href":"https:\/\/expoplasticos.mx\/2026\/wp-json\/wp\/v2\/users\/1"}],"replies":[{"embeddable":true,"href":"https:\/\/expoplasticos.mx\/2026\/wp-json\/wp\/v2\/comments?post=987501578"}],"version-history":[{"count":1,"href":"https:\/\/expoplasticos.mx\/2026\/wp-json\/wp\/v2\/posts\/987501578\/revisions"}],"predecessor-version":[{"id":987501580,"href":"https:\/\/expoplasticos.mx\/2026\/wp-json\/wp\/v2\/posts\/987501578\/revisions\/987501580"}],"wp:featuredmedia":[{"embeddable":true,"href":"https:\/\/expoplasticos.mx\/2026\/wp-json\/wp\/v2\/media\/987501579"}],"wp:attachment":[{"href":"https:\/\/expoplasticos.mx\/2026\/wp-json\/wp\/v2\/media?parent=987501578"}],"wp:term":[{"taxonomy":"category","embeddable":true,"href":"https:\/\/expoplasticos.mx\/2026\/wp-json\/wp\/v2\/categories?post=987501578"},{"taxonomy":"post_tag","embeddable":true,"href":"https:\/\/expoplasticos.mx\/2026\/wp-json\/wp\/v2\/tags?post=987501578"}],"curies":[{"name":"wp","href":"https:\/\/api.w.org\/{rel}","templated":true}]}}