{"id":987501563,"date":"2026-08-21T16:00:35","date_gmt":"2026-08-21T16:00:35","guid":{"rendered":"https:\/\/expoplasticos.mx\/2026\/?p=987501563"},"modified":"2026-09-03T16:04:27","modified_gmt":"2026-09-03T16:04:27","slug":"e-commerce-y-vacaciones-elevan-la-demanda-de-packaging-sostenible-en-mexico","status":"publish","type":"post","link":"https:\/\/expoplasticos.mx\/2026\/e-commerce-y-vacaciones-elevan-la-demanda-de-packaging-sostenible-en-mexico\/","title":{"rendered":"e-commerce y vacaciones elevan la demanda de packaging sostenible en M\u00e9xico"},"content":{"rendered":"\n<h3 class=\"wp-block-heading\">El movimiento de 22.4 millones de turistas y el crecimiento de las compras digitales aumentan la demanda de envases y embalajes. Para el retail, el e-commerce y las empresas de consumo masivo, el reto consiste en reducir residuos sin comprometer protecci\u00f3n, inocuidad, costos ni eficiencia log\u00edstica.<\/h3>\n\n\n\n<p class=\"wp-block-paragraph\"><p class=\"isSelectedEnd\">La temporada vacacional de verano incrementa el consumo de alimentos, productos de cuidado personal, entregas a domicilio y compras de \u00faltimo momento. Este movimiento tambi\u00e9n eleva la demanda de bolsas, pel\u00edculas flexibles, envolturas, envases para alimentos y embalajes utilizados durante la distribuci\u00f3n.En M\u00e9xico, la <a href=\"https:\/\/www.gob.mx\/sectur\/articulos\/sectur-vacaciones-de-verano-fortaleceran-el-crecimiento-del-turismo-en-mexico\" target=\"_blank\" rel=\"noopener\">Secretar\u00eda de Turismo prev\u00e9 que <strong>22.4 millones de turistas lleguen a hoteles entre el 20 de julio y el 30 de agosto de 2026<\/strong>,<\/a> cifra 5.6% superior a la registrada durante el mismo periodo de 2025. La ocupaci\u00f3n hotelera promedio alcanzar\u00eda 65%, con Canc\u00fan, Puerto Vallarta, Morelia, M\u00e9rida y la Ciudad de M\u00e9xico entre los principales destinos receptores.Este flujo de viajeros coincide con la expansi\u00f3n del comercio electr\u00f3nico. Durante 2025, el <strong>e-commerce retail en M\u00e9xico alcanz\u00f3 un valor de 941 mil millones de pesos<\/strong>, 19.2% m\u00e1s que el a\u00f1o anterior. El pa\u00eds cuenta con 77.2 millones de compradores digitales y las ventas en l\u00ednea representan ya 17.7% del comercio minorista nacional, seg\u00fan el Estudio de Venta Online 2026 de la Asociaci\u00f3n Mexicana de Venta Online.Cada pedido requiere un empaque capaz de proteger el contenido, resistir su manipulaci\u00f3n, facilitar el transporte y entregar el producto en buenas condiciones. Cuando el volumen de operaciones aumenta, tambi\u00e9n crecen el consumo de materiales y la cantidad de residuos generados.<\/p>\u201cEn vacaciones, el empaque deja de ser invisible. Est\u00e1 en la maleta, en el delivery, en la compra de \u00faltimo minuto y en cada pedido que llega a un hotel o a una casa. Cuando millones de personas se mueven al mismo tiempo, la decisi\u00f3n sobre el material tambi\u00e9n escala. Por eso, reducir el impacto no puede depender de soluciones artesanales o dif\u00edciles de implementar\u201d, se\u00f1al\u00f3<strong> Ignacio Parada<\/strong>, CEO y fundador de Bioelements.<br><\/p>\n\n\n\n<h3 class=\"wp-block-heading\">El impacto de los empaques contin\u00faa despu\u00e9s de la entrega<\/h3>\n\n\n\n<p class=\"wp-block-paragraph\">Los envases y embalajes cumplen funciones esenciales para preservar alimentos, evitar da\u00f1os, mantener la inocuidad y reducir p\u00e9rdidas durante la distribuci\u00f3n. Su impacto ambiental, sin embargo, depende del dise\u00f1o, la cantidad de material utilizado, su origen, la infraestructura de recuperaci\u00f3n disponible y lo que ocurre con ellos despu\u00e9s del consumo.<\/p>\n\n\n\n<p class=\"wp-block-paragraph\">El Programa de las Naciones Unidas para el Medio Ambiente (PNUMA) calcula que aproximadamente <strong>36% de todos los pl\u00e1sticos producidos en el mundo se destina a envases y embalajes<\/strong>. En el caso de los empaques pl\u00e1sticos de un solo uso para alimentos y bebidas, alrededor de 85% termina en vertederos o recibe un manejo inadecuado.<\/p>\n\n\n\n<figure class=\"wp-block-image alignwide size-large\"><img decoding=\"async\" src=\"https:\/\/ambienteplastico.com\/wp-content\/uploads\/2024\/11\/foto_webinar_envase_empaque_181021-1-600x338.webp\" alt=\"\"\/><\/figure>\n\n\n\n<p class=\"wp-block-paragraph\">El organismo tambi\u00e9n estima que el mundo genera cerca de <strong>400 millones de toneladas de residuos pl\u00e1sticos al a\u00f1o<\/strong>. \u00danicamente alrededor de 9% se recicla, de acuerdo con cifras de la Organizaci\u00f3n para la Cooperaci\u00f3n y el Desarrollo Econ\u00f3micos citadas por el PNUMA.<\/p>\n\n\n\n<p class=\"wp-block-paragraph\">Para las empresas, este problema puede convertirse en un riesgo regulatorio, comercial y reputacional, especialmente cuando las afirmaciones ambientales de una marca no coinciden con la composici\u00f3n, certificaci\u00f3n o destino final de sus empaques.<\/p>\n\n\n\n<h3 class=\"wp-block-heading\">Los consumidores exigen menos residuos, pero no sacrifican funcionalidad<\/h3>\n\n\n\n<p class=\"wp-block-paragraph\">La preocupaci\u00f3n por los residuos de envases tambi\u00e9n influye en las decisiones de compra. En Am\u00e9rica Latina, uno de cada tres consumidores afirma sentirse molesto por la cantidad de pl\u00e1stico que lleva a casa despu\u00e9s de comprar.<\/p>\n\n\n\n<p class=\"wp-block-paragraph\">Los consumidores clasificados como <strong>Eco-Actives<\/strong>, quienes adoptan medidas frecuentes para reducir su impacto ambiental y favorecen marcas con envases reciclables, representan 28% de la poblaci\u00f3n de la regi\u00f3n. Este segmento constituye un mercado estimado en 17 mil millones de d\u00f3lares.<\/p>\n\n\n\n<p class=\"wp-block-paragraph\">Adem\u00e1s, 36% de los consumidores latinoamericanos considera que las marcas tienen una mayor responsabilidad sobre el da\u00f1o ambiental que los propios compradores, los comercios y los gobiernos, seg\u00fan el informe <a href=\"https:\/\/www.unep.org\/news-and-stories\/story\/everything-you-need-know-about-plastic-pollution\" target=\"_blank\" rel=\"noopener\"><em>Sustain to Gain Latam 2024<\/em><\/a> de Kantar.<\/p>\n\n\n\n<p class=\"wp-block-paragraph\">La sostenibilidad, sin embargo, no es el \u00fanico criterio de compra. Una investigaci\u00f3n de McKinsey realizada en 2025 entre m\u00e1s de 11 mil consumidores de 11 pa\u00edses \u2014incluidos M\u00e9xico y Brasil\u2014 encontr\u00f3 que 51% considera el impacto ambiental del empaque como un factor muy o extremadamente importante.<\/p>\n\n\n\n<p class=\"wp-block-paragraph\">Cuando se comparan sus prioridades, la seguridad alimentaria, la vida \u00fatil, el precio y la calidad contin\u00faan <a href=\"https:\/\/www.mckinsey.com\/industries\/packaging-and-paper\/our-insights\/sustainability-in-packaging-2025-inside-the-minds-of-global-consumers\" target=\"_blank\" rel=\"noopener\">ocupando los primeros lugares.<\/a> El estudio tambi\u00e9n advierte que ning\u00fan sustrato \u2014pl\u00e1stico, vidrio, metal o papel\u2014 presenta el mejor desempe\u00f1o en todos los indicadores ambientales y funcionales. La soluci\u00f3n adecuada depende de cada aplicaci\u00f3n y de las condiciones locales de recuperaci\u00f3n.<\/p>\n\n\n\n<blockquote class=\"wp-block-quote is-layout-flow wp-block-quote-is-layout-flow\">\n<p class=\"wp-block-paragraph\">\u201cLa sostenibilidad que no resiste la operaci\u00f3n no escala. Un empaque tiene que proteger el producto, soportar el transporte, funcionar correctamente en los procesos del cliente y mantener costos competitivos. El desaf\u00edo es cumplir esas condiciones y, al mismo tiempo, ofrecer una ruta ambiental verificable\u201d, explic\u00f3 Parada.<\/p>\n<\/blockquote>\n\n\n\n<h3 class=\"wp-block-heading\">\u00bfQu\u00e9 debe considerar una estrategia de packaging sostenible?<\/h3>\n\n\n\n<p class=\"wp-block-paragraph\">El packaging sostenible debe abordarse como una decisi\u00f3n industrial respaldada por informaci\u00f3n t\u00e9cnica, no \u00fanicamente como un recurso de comunicaci\u00f3n. Antes de cambiar un material, las empresas necesitan evaluar:<\/p>\n\n\n\n<ul class=\"wp-block-list\">\n<li>El tipo de producto y sus requisitos de protecci\u00f3n<\/li>\n\n\n\n<li>La inocuidad y la vida \u00fatil esperada<\/li>\n\n\n\n<li>Las condiciones de almacenamiento y transporte<\/li>\n\n\n\n<li>La resistencia mec\u00e1nica necesaria<\/li>\n\n\n\n<li>El peso y la eficiencia log\u00edstica<\/li>\n\n\n\n<li>La compatibilidad con las l\u00edneas de producci\u00f3n<\/li>\n\n\n\n<li>El mercado donde se comercializar\u00e1 el producto<\/li>\n\n\n\n<li>La infraestructura disponible para recuperar, reciclar o tratar el empaque<\/li>\n\n\n\n<li>Las normas, ensayos y certificaciones aplicables<\/li>\n\n\n\n<li>El costo total del sistema de empaque<\/li>\n<\/ul>\n\n\n\n<p class=\"wp-block-paragraph\">Tambi\u00e9n es necesario distinguir entre t\u00e9rminos que suelen emplearse como si fueran equivalentes. Un material <strong>biobasado<\/strong> contiene materias primas provenientes total o parcialmente de fuentes renovables, pero no necesariamente es biodegradable. Un empaque <strong>compostable<\/strong> debe desintegrarse y biodegradarse bajo condiciones definidas y cumplir est\u00e1ndares espec\u00edficos. El contenido <strong>reciclado postconsumo (PCR)<\/strong> indica que se incorpor\u00f3 material recuperado despu\u00e9s de su uso, pero no garantiza por s\u00ed mismo que el nuevo empaque pueda reciclarse nuevamente.<\/p>\n\n\n\n<p class=\"wp-block-paragraph\">Por esta raz\u00f3n, las declaraciones ambientales deben especificar el atributo del material, las condiciones necesarias para su fin de vida y la evidencia t\u00e9cnica que lo respalda. Expresiones generales como \u201cecol\u00f3gico\u201d o \u201camigable con el ambiente\u201d pueden resultar insuficientes e incluso exponer a las marcas a cuestionamientos por <em>greenwashing<\/em>.<\/p>\n\n\n\n<h3 class=\"wp-block-heading\">Bioelements apuesta por soluciones escalables para la industria<\/h3>\n\n\n\n<p class=\"wp-block-paragraph\">Bioelements sostiene que la transici\u00f3n hacia empaques con mejores atributos ambientales debe conservar la resistencia, la personalizaci\u00f3n, la continuidad del suministro y la capacidad de producci\u00f3n a gran escala.<\/p>\n\n\n\n<p class=\"wp-block-paragraph\">La compa\u00f1\u00eda desarrolla soluciones biodegradables, compostables, biobasadas y fabricadas con pl\u00e1stico reciclado postconsumo. Su plataforma tecnol\u00f3gica cuenta con <strong>m\u00e1s de 30 formulaciones<\/strong>, una capacidad de producci\u00f3n superior a 17 mil toneladas anuales y m\u00e1s de 250 clientes. Actualmente tiene presencia en diez pa\u00edses, entre ellos M\u00e9xico, Chile, Brasil, Colombia, Per\u00fa y Estados Unidos.<\/p>\n\n\n\n<p class=\"wp-block-paragraph\">La selecci\u00f3n entre estas alternativas debe realizarse seg\u00fan el producto, la operaci\u00f3n del cliente, las regulaciones locales y el destino final previsto. Elegir una soluci\u00f3n \u00fanicamente por su denominaci\u00f3n puede trasladar el impacto a otra etapa del ciclo de vida o generar un empaque incompatible con la infraestructura disponible.<\/p>\n\n\n\n<h3 class=\"wp-block-heading\">Regulaci\u00f3n y trazabilidad ganan importancia<\/h3>\n\n\n\n<p class=\"wp-block-paragraph\">Las empresas operan en un entorno regulatorio fragmentado. Cada pa\u00eds puede establecer requisitos diferentes en materia de pl\u00e1sticos de un solo uso, contenido reciclado, compostabilidad, etiquetado, gesti\u00f3n de residuos y responsabilidad extendida del productor.<\/p>\n\n\n\n<p class=\"wp-block-paragraph\">Durante 2025, el PNUMA apoy\u00f3 el desarrollo y la implementaci\u00f3n de programas de <strong>responsabilidad extendida del productor en siete pa\u00edses<\/strong>. Tambi\u00e9n puso en marcha Plastic Reboot, una iniciativa de 108 millones de d\u00f3lares que ayudar\u00e1 a 15 pa\u00edses a sustituir empaques pl\u00e1sticos de un solo uso en el sector de alimentos y bebidas y avanzar hacia modelos m\u00e1s circulares.<\/p>\n\n\n\n<p class=\"wp-block-paragraph\">Este avance regulatorio obligar\u00e1 a fabricantes, marcas y comercios a conocer con mayor precisi\u00f3n el origen, la composici\u00f3n, el desempe\u00f1o y el destino final de los materiales que colocan en el mercado.<\/p>\n\n\n\n<blockquote class=\"wp-block-quote is-layout-flow wp-block-quote-is-layout-flow\">\n<p class=\"wp-block-paragraph\">\u201cEl riesgo regulatorio no comienza cuando aparece una sanci\u00f3n. Comienza cuando una empresa no sabe de qu\u00e9 est\u00e1 hecho su empaque, qu\u00e9 certificaciones respaldan sus afirmaciones ambientales o qu\u00e9 ocurrir\u00e1 con el material despu\u00e9s de utilizarlo. Anticiparse permite proteger la reputaci\u00f3n, responder a los clientes y evitar redise\u00f1os de emergencia que pueden ser mucho m\u00e1s costosos\u201d, afirm\u00f3 el CEO de Bioelements.<\/p>\n<\/blockquote>\n\n\n\n<h3 class=\"wp-block-heading\">La temporada vacacional, una prueba para el dise\u00f1o de los empaques<\/h3>\n\n\n\n<p class=\"wp-block-paragraph\">Para las empresas de retail, e-commerce y consumo masivo, las vacaciones ofrecen una oportunidad para evaluar si sus sistemas de empaque pueden manejar mayores vol\u00famenes sin incrementar innecesariamente el consumo de materiales y la generaci\u00f3n de residuos.<\/p>\n\n\n\n<p class=\"wp-block-paragraph\">Identificar los empaques de mayor rotaci\u00f3n, eliminar componentes innecesarios, reducir peso cuando sea t\u00e9cnicamente viable, evaluar los materiales seg\u00fan su uso real y solicitar evidencia a los proveedores son medidas que pueden mejorar simult\u00e1neamente el desempe\u00f1o ambiental y la eficiencia operativa.<\/p>\n\n\n\n<p class=\"wp-block-paragraph\">En un mercado donde millones de productos se transportan y entregan diariamente, el empaque representa una decisi\u00f3n estrat\u00e9gica. Su dise\u00f1o muestra c\u00f3mo una empresa administra sus costos, protege sus productos, cumple la regulaci\u00f3n y se responsabiliza por los materiales que permanecen despu\u00e9s de cada venta.<\/p>\n\n\n\n<p class=\"wp-block-paragraph\">Fuente: <a href=\"https:\/\/ambienteplastico.com\/vacaciones-y-e-commerce-elevan-la-demanda-de-packaging-sostenible-en-mexico\/\">https:\/\/ambienteplastico.com\/<\/a><\/p>\n","protected":false},"excerpt":{"rendered":"<p>El movimiento de 22.4 millones de turistas y el crecimiento de las compras digitales aumentan la demanda de envases y embalajes. Para el retail, el e-commerce y las empresas de consumo masivo, el reto consiste en reducir residuos sin comprometer protecci\u00f3n, inocuidad, costos ni eficiencia log\u00edstica. La temporada vacacional de verano incrementa el consumo de [&hellip;]<\/p>\n","protected":false},"author":1,"featured_media":987501564,"comment_status":"closed","ping_status":"closed","sticky":false,"template":"","format":"standard","meta":{"_et_pb_use_builder":"off","_et_pb_old_content":"","_et_gb_content_width":"1080","cybocfi_hide_featured_image":"","footnotes":""},"categories":[19],"tags":[],"class_list":["post-987501563","post","type-post","status-publish","format-standard","has-post-thumbnail","hentry","category-noticias"],"yoast_head":"<!-- This site is optimized with the Yoast SEO plugin v26.5 - https:\/\/yoast.com\/wordpress\/plugins\/seo\/ -->\n<title>e-commerce y vacaciones elevan la demanda de packaging sostenible en M\u00e9xico - Expo Pl\u00e1sticos 2027<\/title>\n<meta name=\"description\" content=\"El movimiento de 22.4 millones de turistas y el crecimiento de las compras digitales aumentan la demanda de envases y embalajes.\" \/>\n<meta name=\"robots\" content=\"index, follow, max-snippet:-1, max-image-preview:large, max-video-preview:-1\" \/>\n<link rel=\"canonical\" href=\"https:\/\/expoplasticos.mx\/2026\/e-commerce-y-vacaciones-elevan-la-demanda-de-packaging-sostenible-en-mexico\/\" \/>\n<meta property=\"og:locale\" content=\"es_ES\" \/>\n<meta property=\"og:type\" content=\"article\" \/>\n<meta property=\"og:title\" content=\"e-commerce y vacaciones elevan la demanda de packaging sostenible en M\u00e9xico\" \/>\n<meta property=\"og:description\" content=\"El movimiento de 22.4 millones de turistas y el crecimiento de las compras digitales aumentan la demanda de envases y embalajes.\" \/>\n<meta property=\"og:url\" content=\"https:\/\/expoplasticos.mx\/2026\/e-commerce-y-vacaciones-elevan-la-demanda-de-packaging-sostenible-en-mexico\/\" \/>\n<meta property=\"og:site_name\" content=\"Expo Pl\u00e1sticos 2027\" \/>\n<meta property=\"article:publisher\" content=\"http:\/\/www.facebook.com\/ExpoPlasticos\" \/>\n<meta property=\"article:published_time\" content=\"2026-08-21T16:00:35+00:00\" \/>\n<meta property=\"article:modified_time\" content=\"2026-09-03T16:04:27+00:00\" \/>\n<meta property=\"og:image\" content=\"https:\/\/expoplasticos.mx\/2026\/wp-content\/uploads\/2026\/09\/Blog_21Agosto2026.webp\" \/>\n\t<meta property=\"og:image:width\" content=\"1200\" \/>\n\t<meta property=\"og:image:height\" content=\"500\" \/>\n\t<meta property=\"og:image:type\" content=\"image\/webp\" \/>\n<meta name=\"author\" content=\"daniela\" \/>\n<meta name=\"twitter:card\" content=\"summary_large_image\" \/>\n<meta name=\"twitter:title\" content=\"e-commerce y vacaciones elevan la demanda de packaging sostenible en M\u00e9xico\" \/>\n<meta name=\"twitter:description\" content=\"El movimiento de 22.4 millones de turistas y el crecimiento de las compras digitales aumentan la demanda de envases y embalajes.\" \/>\n<meta name=\"twitter:image\" content=\"https:\/\/expoplasticos.mx\/2026\/wp-content\/uploads\/2026\/09\/Blog_21Agosto2026.webp\" \/>\n<meta name=\"twitter:creator\" content=\"@expoplasticos\" \/>\n<meta name=\"twitter:site\" content=\"@expoplasticos\" \/>\n<meta name=\"twitter:label1\" content=\"Escrito por\" \/>\n\t<meta name=\"twitter:data1\" content=\"daniela\" \/>\n\t<meta name=\"twitter:label2\" content=\"Tiempo de lectura\" \/>\n\t<meta name=\"twitter:data2\" content=\"7 minutos\" \/>\n<script type=\"application\/ld+json\" class=\"yoast-schema-graph\">{\"@context\":\"https:\/\/schema.org\",\"@graph\":[{\"@type\":\"Article\",\"@id\":\"https:\/\/expoplasticos.mx\/2026\/e-commerce-y-vacaciones-elevan-la-demanda-de-packaging-sostenible-en-mexico\/#article\",\"isPartOf\":{\"@id\":\"https:\/\/expoplasticos.mx\/2026\/e-commerce-y-vacaciones-elevan-la-demanda-de-packaging-sostenible-en-mexico\/\"},\"author\":{\"name\":\"daniela\",\"@id\":\"https:\/\/expoplasticos.mx\/2026\/#\/schema\/person\/c14a8de37d62fa837c48472178d1c081\"},\"headline\":\"e-commerce y vacaciones elevan la demanda de packaging sostenible en M\u00e9xico\",\"datePublished\":\"2026-08-21T16:00:35+00:00\",\"dateModified\":\"2026-09-03T16:04:27+00:00\",\"mainEntityOfPage\":{\"@id\":\"https:\/\/expoplasticos.mx\/2026\/e-commerce-y-vacaciones-elevan-la-demanda-de-packaging-sostenible-en-mexico\/\"},\"wordCount\":1610,\"publisher\":{\"@id\":\"https:\/\/expoplasticos.mx\/2026\/#organization\"},\"image\":{\"@id\":\"https:\/\/expoplasticos.mx\/2026\/e-commerce-y-vacaciones-elevan-la-demanda-de-packaging-sostenible-en-mexico\/#primaryimage\"},\"thumbnailUrl\":\"https:\/\/expoplasticos.mx\/2026\/wp-content\/uploads\/2026\/09\/Blog_21Agosto2026.webp\",\"articleSection\":[\"NOTICIAS\"],\"inLanguage\":\"es\"},{\"@type\":\"WebPage\",\"@id\":\"https:\/\/expoplasticos.mx\/2026\/e-commerce-y-vacaciones-elevan-la-demanda-de-packaging-sostenible-en-mexico\/\",\"url\":\"https:\/\/expoplasticos.mx\/2026\/e-commerce-y-vacaciones-elevan-la-demanda-de-packaging-sostenible-en-mexico\/\",\"name\":\"e-commerce y vacaciones elevan la demanda de packaging sostenible en M\u00e9xico - Expo Pl\u00e1sticos 2027\",\"isPartOf\":{\"@id\":\"https:\/\/expoplasticos.mx\/2026\/#website\"},\"primaryImageOfPage\":{\"@id\":\"https:\/\/expoplasticos.mx\/2026\/e-commerce-y-vacaciones-elevan-la-demanda-de-packaging-sostenible-en-mexico\/#primaryimage\"},\"image\":{\"@id\":\"https:\/\/expoplasticos.mx\/2026\/e-commerce-y-vacaciones-elevan-la-demanda-de-packaging-sostenible-en-mexico\/#primaryimage\"},\"thumbnailUrl\":\"https:\/\/expoplasticos.mx\/2026\/wp-content\/uploads\/2026\/09\/Blog_21Agosto2026.webp\",\"datePublished\":\"2026-08-21T16:00:35+00:00\",\"dateModified\":\"2026-09-03T16:04:27+00:00\",\"description\":\"El movimiento de 22.4 millones de turistas y el crecimiento de las compras digitales aumentan la demanda de envases y embalajes.\",\"breadcrumb\":{\"@id\":\"https:\/\/expoplasticos.mx\/2026\/e-commerce-y-vacaciones-elevan-la-demanda-de-packaging-sostenible-en-mexico\/#breadcrumb\"},\"inLanguage\":\"es\",\"potentialAction\":[{\"@type\":\"ReadAction\",\"target\":[\"https:\/\/expoplasticos.mx\/2026\/e-commerce-y-vacaciones-elevan-la-demanda-de-packaging-sostenible-en-mexico\/\"]}]},{\"@type\":\"ImageObject\",\"inLanguage\":\"es\",\"@id\":\"https:\/\/expoplasticos.mx\/2026\/e-commerce-y-vacaciones-elevan-la-demanda-de-packaging-sostenible-en-mexico\/#primaryimage\",\"url\":\"https:\/\/expoplasticos.mx\/2026\/wp-content\/uploads\/2026\/09\/Blog_21Agosto2026.webp\",\"contentUrl\":\"https:\/\/expoplasticos.mx\/2026\/wp-content\/uploads\/2026\/09\/Blog_21Agosto2026.webp\",\"width\":1200,\"height\":500},{\"@type\":\"BreadcrumbList\",\"@id\":\"https:\/\/expoplasticos.mx\/2026\/e-commerce-y-vacaciones-elevan-la-demanda-de-packaging-sostenible-en-mexico\/#breadcrumb\",\"itemListElement\":[{\"@type\":\"ListItem\",\"position\":1,\"name\":\"Inicio\",\"item\":\"https:\/\/expoplasticos.mx\/2026\/\"},{\"@type\":\"ListItem\",\"position\":2,\"name\":\"NOTICIAS\",\"item\":\"https:\/\/expoplasticos.mx\/2026\/category\/noticias\/\"},{\"@type\":\"ListItem\",\"position\":3,\"name\":\"e-commerce y vacaciones elevan la demanda de packaging sostenible en M\u00e9xico\"}]},{\"@type\":\"WebSite\",\"@id\":\"https:\/\/expoplasticos.mx\/2026\/#website\",\"url\":\"https:\/\/expoplasticos.mx\/2026\/\",\"name\":\"Expo Pl\u00e1sticos 2026\",\"description\":\"El punto de encuentro para la transformaci\u00f3n de la industria del pl\u00e1stico\",\"publisher\":{\"@id\":\"https:\/\/expoplasticos.mx\/2026\/#organization\"},\"potentialAction\":[{\"@type\":\"SearchAction\",\"target\":{\"@type\":\"EntryPoint\",\"urlTemplate\":\"https:\/\/expoplasticos.mx\/2026\/?s={search_term_string}\"},\"query-input\":{\"@type\":\"PropertyValueSpecification\",\"valueRequired\":true,\"valueName\":\"search_term_string\"}}],\"inLanguage\":\"es\"},{\"@type\":\"Organization\",\"@id\":\"https:\/\/expoplasticos.mx\/2026\/#organization\",\"name\":\"Expo Pl\u00e1sticos 2026\",\"url\":\"https:\/\/expoplasticos.mx\/2026\/\",\"logo\":{\"@type\":\"ImageObject\",\"inLanguage\":\"es\",\"@id\":\"https:\/\/expoplasticos.mx\/2026\/#\/schema\/logo\/image\/\",\"url\":\"https:\/\/expoplasticos.mx\/2026\/wp-content\/uploads\/2025\/10\/EP26_LogYoast.webp\",\"contentUrl\":\"https:\/\/expoplasticos.mx\/2026\/wp-content\/uploads\/2025\/10\/EP26_LogYoast.webp\",\"width\":875,\"height\":286,\"caption\":\"Expo Pl\u00e1sticos 2026\"},\"image\":{\"@id\":\"https:\/\/expoplasticos.mx\/2026\/#\/schema\/logo\/image\/\"},\"sameAs\":[\"http:\/\/www.facebook.com\/ExpoPlasticos\",\"https:\/\/x.com\/expoplasticos\",\"http:\/\/www.instagram.com\/ExpoPlasticos\",\"https:\/\/www.linkedin.com\/company\/expoplasticos\/posts\/?feedView=all\",\"https:\/\/www.youtube.com\/@ExpoPlasticos\"]},{\"@type\":\"Person\",\"@id\":\"https:\/\/expoplasticos.mx\/2026\/#\/schema\/person\/c14a8de37d62fa837c48472178d1c081\",\"name\":\"daniela\",\"image\":{\"@type\":\"ImageObject\",\"inLanguage\":\"es\",\"@id\":\"https:\/\/expoplasticos.mx\/2026\/#\/schema\/person\/image\/\",\"url\":\"https:\/\/secure.gravatar.com\/avatar\/6804e94c76f778ac07bce28b7595d8a0248a29d955fb308ffce6715e3d08c55f?s=96&d=mm&r=g\",\"contentUrl\":\"https:\/\/secure.gravatar.com\/avatar\/6804e94c76f778ac07bce28b7595d8a0248a29d955fb308ffce6715e3d08c55f?s=96&d=mm&r=g\",\"caption\":\"daniela\"},\"sameAs\":[\"http:\/\/expoplasticos.mx\/2026\"]}]}<\/script>\n<!-- \/ Yoast SEO plugin. -->","yoast_head_json":{"title":"e-commerce y vacaciones elevan la demanda de packaging sostenible en M\u00e9xico - Expo Pl\u00e1sticos 2027","description":"El movimiento de 22.4 millones de turistas y el crecimiento de las compras digitales aumentan la demanda de envases y embalajes.","robots":{"index":"index","follow":"follow","max-snippet":"max-snippet:-1","max-image-preview":"max-image-preview:large","max-video-preview":"max-video-preview:-1"},"canonical":"https:\/\/expoplasticos.mx\/2026\/e-commerce-y-vacaciones-elevan-la-demanda-de-packaging-sostenible-en-mexico\/","og_locale":"es_ES","og_type":"article","og_title":"e-commerce y vacaciones elevan la demanda de packaging sostenible en M\u00e9xico","og_description":"El movimiento de 22.4 millones de turistas y el crecimiento de las compras digitales aumentan la demanda de envases y embalajes.","og_url":"https:\/\/expoplasticos.mx\/2026\/e-commerce-y-vacaciones-elevan-la-demanda-de-packaging-sostenible-en-mexico\/","og_site_name":"Expo Pl\u00e1sticos 2027","article_publisher":"http:\/\/www.facebook.com\/ExpoPlasticos","article_published_time":"2026-08-21T16:00:35+00:00","article_modified_time":"2026-09-03T16:04:27+00:00","og_image":[{"width":1200,"height":500,"url":"https:\/\/expoplasticos.mx\/2026\/wp-content\/uploads\/2026\/09\/Blog_21Agosto2026.webp","type":"image\/webp"}],"author":"daniela","twitter_card":"summary_large_image","twitter_title":"e-commerce y vacaciones elevan la demanda de packaging sostenible en M\u00e9xico","twitter_description":"El movimiento de 22.4 millones de turistas y el crecimiento de las compras digitales aumentan la demanda de envases y embalajes.","twitter_image":"https:\/\/expoplasticos.mx\/2026\/wp-content\/uploads\/2026\/09\/Blog_21Agosto2026.webp","twitter_creator":"@expoplasticos","twitter_site":"@expoplasticos","twitter_misc":{"Escrito por":"daniela","Tiempo de lectura":"7 minutos"},"schema":{"@context":"https:\/\/schema.org","@graph":[{"@type":"Article","@id":"https:\/\/expoplasticos.mx\/2026\/e-commerce-y-vacaciones-elevan-la-demanda-de-packaging-sostenible-en-mexico\/#article","isPartOf":{"@id":"https:\/\/expoplasticos.mx\/2026\/e-commerce-y-vacaciones-elevan-la-demanda-de-packaging-sostenible-en-mexico\/"},"author":{"name":"daniela","@id":"https:\/\/expoplasticos.mx\/2026\/#\/schema\/person\/c14a8de37d62fa837c48472178d1c081"},"headline":"e-commerce y vacaciones elevan la demanda de packaging sostenible en M\u00e9xico","datePublished":"2026-08-21T16:00:35+00:00","dateModified":"2026-09-03T16:04:27+00:00","mainEntityOfPage":{"@id":"https:\/\/expoplasticos.mx\/2026\/e-commerce-y-vacaciones-elevan-la-demanda-de-packaging-sostenible-en-mexico\/"},"wordCount":1610,"publisher":{"@id":"https:\/\/expoplasticos.mx\/2026\/#organization"},"image":{"@id":"https:\/\/expoplasticos.mx\/2026\/e-commerce-y-vacaciones-elevan-la-demanda-de-packaging-sostenible-en-mexico\/#primaryimage"},"thumbnailUrl":"https:\/\/expoplasticos.mx\/2026\/wp-content\/uploads\/2026\/09\/Blog_21Agosto2026.webp","articleSection":["NOTICIAS"],"inLanguage":"es"},{"@type":"WebPage","@id":"https:\/\/expoplasticos.mx\/2026\/e-commerce-y-vacaciones-elevan-la-demanda-de-packaging-sostenible-en-mexico\/","url":"https:\/\/expoplasticos.mx\/2026\/e-commerce-y-vacaciones-elevan-la-demanda-de-packaging-sostenible-en-mexico\/","name":"e-commerce y vacaciones elevan la demanda de packaging sostenible en M\u00e9xico - Expo Pl\u00e1sticos 2027","isPartOf":{"@id":"https:\/\/expoplasticos.mx\/2026\/#website"},"primaryImageOfPage":{"@id":"https:\/\/expoplasticos.mx\/2026\/e-commerce-y-vacaciones-elevan-la-demanda-de-packaging-sostenible-en-mexico\/#primaryimage"},"image":{"@id":"https:\/\/expoplasticos.mx\/2026\/e-commerce-y-vacaciones-elevan-la-demanda-de-packaging-sostenible-en-mexico\/#primaryimage"},"thumbnailUrl":"https:\/\/expoplasticos.mx\/2026\/wp-content\/uploads\/2026\/09\/Blog_21Agosto2026.webp","datePublished":"2026-08-21T16:00:35+00:00","dateModified":"2026-09-03T16:04:27+00:00","description":"El movimiento de 22.4 millones de turistas y el crecimiento de las compras digitales aumentan la demanda de envases y embalajes.","breadcrumb":{"@id":"https:\/\/expoplasticos.mx\/2026\/e-commerce-y-vacaciones-elevan-la-demanda-de-packaging-sostenible-en-mexico\/#breadcrumb"},"inLanguage":"es","potentialAction":[{"@type":"ReadAction","target":["https:\/\/expoplasticos.mx\/2026\/e-commerce-y-vacaciones-elevan-la-demanda-de-packaging-sostenible-en-mexico\/"]}]},{"@type":"ImageObject","inLanguage":"es","@id":"https:\/\/expoplasticos.mx\/2026\/e-commerce-y-vacaciones-elevan-la-demanda-de-packaging-sostenible-en-mexico\/#primaryimage","url":"https:\/\/expoplasticos.mx\/2026\/wp-content\/uploads\/2026\/09\/Blog_21Agosto2026.webp","contentUrl":"https:\/\/expoplasticos.mx\/2026\/wp-content\/uploads\/2026\/09\/Blog_21Agosto2026.webp","width":1200,"height":500},{"@type":"BreadcrumbList","@id":"https:\/\/expoplasticos.mx\/2026\/e-commerce-y-vacaciones-elevan-la-demanda-de-packaging-sostenible-en-mexico\/#breadcrumb","itemListElement":[{"@type":"ListItem","position":1,"name":"Inicio","item":"https:\/\/expoplasticos.mx\/2026\/"},{"@type":"ListItem","position":2,"name":"NOTICIAS","item":"https:\/\/expoplasticos.mx\/2026\/category\/noticias\/"},{"@type":"ListItem","position":3,"name":"e-commerce y vacaciones elevan la demanda de packaging sostenible en M\u00e9xico"}]},{"@type":"WebSite","@id":"https:\/\/expoplasticos.mx\/2026\/#website","url":"https:\/\/expoplasticos.mx\/2026\/","name":"Expo Pl\u00e1sticos 2026","description":"El punto de encuentro para la transformaci\u00f3n de la industria del pl\u00e1stico","publisher":{"@id":"https:\/\/expoplasticos.mx\/2026\/#organization"},"potentialAction":[{"@type":"SearchAction","target":{"@type":"EntryPoint","urlTemplate":"https:\/\/expoplasticos.mx\/2026\/?s={search_term_string}"},"query-input":{"@type":"PropertyValueSpecification","valueRequired":true,"valueName":"search_term_string"}}],"inLanguage":"es"},{"@type":"Organization","@id":"https:\/\/expoplasticos.mx\/2026\/#organization","name":"Expo Pl\u00e1sticos 2026","url":"https:\/\/expoplasticos.mx\/2026\/","logo":{"@type":"ImageObject","inLanguage":"es","@id":"https:\/\/expoplasticos.mx\/2026\/#\/schema\/logo\/image\/","url":"https:\/\/expoplasticos.mx\/2026\/wp-content\/uploads\/2025\/10\/EP26_LogYoast.webp","contentUrl":"https:\/\/expoplasticos.mx\/2026\/wp-content\/uploads\/2025\/10\/EP26_LogYoast.webp","width":875,"height":286,"caption":"Expo Pl\u00e1sticos 2026"},"image":{"@id":"https:\/\/expoplasticos.mx\/2026\/#\/schema\/logo\/image\/"},"sameAs":["http:\/\/www.facebook.com\/ExpoPlasticos","https:\/\/x.com\/expoplasticos","http:\/\/www.instagram.com\/ExpoPlasticos","https:\/\/www.linkedin.com\/company\/expoplasticos\/posts\/?feedView=all","https:\/\/www.youtube.com\/@ExpoPlasticos"]},{"@type":"Person","@id":"https:\/\/expoplasticos.mx\/2026\/#\/schema\/person\/c14a8de37d62fa837c48472178d1c081","name":"daniela","image":{"@type":"ImageObject","inLanguage":"es","@id":"https:\/\/expoplasticos.mx\/2026\/#\/schema\/person\/image\/","url":"https:\/\/secure.gravatar.com\/avatar\/6804e94c76f778ac07bce28b7595d8a0248a29d955fb308ffce6715e3d08c55f?s=96&d=mm&r=g","contentUrl":"https:\/\/secure.gravatar.com\/avatar\/6804e94c76f778ac07bce28b7595d8a0248a29d955fb308ffce6715e3d08c55f?s=96&d=mm&r=g","caption":"daniela"},"sameAs":["http:\/\/expoplasticos.mx\/2026"]}]}},"_links":{"self":[{"href":"https:\/\/expoplasticos.mx\/2026\/wp-json\/wp\/v2\/posts\/987501563","targetHints":{"allow":["GET"]}}],"collection":[{"href":"https:\/\/expoplasticos.mx\/2026\/wp-json\/wp\/v2\/posts"}],"about":[{"href":"https:\/\/expoplasticos.mx\/2026\/wp-json\/wp\/v2\/types\/post"}],"author":[{"embeddable":true,"href":"https:\/\/expoplasticos.mx\/2026\/wp-json\/wp\/v2\/users\/1"}],"replies":[{"embeddable":true,"href":"https:\/\/expoplasticos.mx\/2026\/wp-json\/wp\/v2\/comments?post=987501563"}],"version-history":[{"count":1,"href":"https:\/\/expoplasticos.mx\/2026\/wp-json\/wp\/v2\/posts\/987501563\/revisions"}],"predecessor-version":[{"id":987501565,"href":"https:\/\/expoplasticos.mx\/2026\/wp-json\/wp\/v2\/posts\/987501563\/revisions\/987501565"}],"wp:featuredmedia":[{"embeddable":true,"href":"https:\/\/expoplasticos.mx\/2026\/wp-json\/wp\/v2\/media\/987501564"}],"wp:attachment":[{"href":"https:\/\/expoplasticos.mx\/2026\/wp-json\/wp\/v2\/media?parent=987501563"}],"wp:term":[{"taxonomy":"category","embeddable":true,"href":"https:\/\/expoplasticos.mx\/2026\/wp-json\/wp\/v2\/categories?post=987501563"},{"taxonomy":"post_tag","embeddable":true,"href":"https:\/\/expoplasticos.mx\/2026\/wp-json\/wp\/v2\/tags?post=987501563"}],"curies":[{"name":"wp","href":"https:\/\/api.w.org\/{rel}","templated":true}]}}