{"id":987499534,"date":"2026-04-16T16:24:34","date_gmt":"2026-04-16T16:24:34","guid":{"rendered":"https:\/\/expoplasticos.mx\/2026\/?p=987499534"},"modified":"2026-04-30T16:27:55","modified_gmt":"2026-04-30T16:27:55","slug":"alianza-impulsa-el-reciclaje-de-poliestireno-en-mexico-un-modelo-de-circularidad-con-enfoque-de-mercado","status":"publish","type":"post","link":"https:\/\/expoplasticos.mx\/2026\/alianza-impulsa-el-reciclaje-de-poliestireno-en-mexico-un-modelo-de-circularidad-con-enfoque-de-mercado\/","title":{"rendered":"Alianza impulsa el reciclaje de poliestireno en M\u00e9xico: un modelo de circularidad con enfoque de mercado"},"content":{"rendered":"\n<h3 class=\"wp-block-heading\"><strong>Una iniciativa entre actores de la industria busca cerrar el ciclo del\u00a0<\/strong><a href=\"https:\/\/www.plastico.com\/noticias\/es\/abc-del-poliestireno-que-es-usos-y-aplicaciones\"><strong>poliestireno<\/strong><\/a><strong>\u00a0de alto impacto en envases l\u00e1cteos, combinando compromiso de marcas, infraestructura y desarrollo de mercado en el centro de M\u00e9xico.<\/strong><\/h3>\n\n\n\n<p>La circularidad del poliestireno avanza en Am\u00e9rica Latina con una nueva alianza estrat\u00e9gica entre la <a href=\"https:\/\/www.psrecycling.org\/\" target=\"_blank\" rel=\"noreferrer noopener\">Polystyrene Recycling Alliance<\/a> y el <a href=\"https:\/\/www.pactomexicanodelosplasticos.org\/\" target=\"_blank\" rel=\"noreferrer noopener\">Pacto por los Pl\u00e1sticos de M\u00e9xico<\/a>, orientada a fortalecer los sistemas de recuperaci\u00f3n de envases de poliestireno de alto impacto (HIPS) en el pa\u00eds.&nbsp;<\/p>\n\n\n\n<p>De acuerdo con los organizadores, la iniciativa busca <strong>probar modelos viables de recolecci\u00f3n, procesamiento y reintegraci\u00f3n del material<\/strong>, enfoc\u00e1ndose en empaques l\u00e1cteos posconsumo en regiones clave como Ciudad de M\u00e9xico, Estado de M\u00e9xico, Quer\u00e9taro y Puebla.&nbsp;<\/p>\n\n\n\n<h3 class=\"wp-block-heading\">Un modelo basado en toda la cadena de valor<\/h3>\n\n\n\n<p>El proyecto re\u00fane a empresas como <a href=\"https:\/\/www.danone.com\/\" target=\"_blank\" rel=\"noreferrer noopener\">Danone<\/a>, <a href=\"https:\/\/www.grupolala.com\/\" target=\"_blank\" rel=\"noreferrer noopener\">Lala<\/a> y <a href=\"https:\/\/www.yakult.com.mx\/\" target=\"_blank\" rel=\"noreferrer noopener\">Yakult<\/a>, junto con plataformas y redes de reciclaje como <a href=\"https:\/\/ecolana.com.mx\/\" target=\"_blank\" rel=\"noreferrer noopener\">Ecolana<\/a> y <a href=\"https:\/\/mexicorecicla.com\/\" target=\"_blank\" rel=\"noreferrer noopener\">Grupo M\u00e9xico Recicla<\/a>, con el objetivo de <strong>construir una cadena de valor integrada<\/strong>.<\/p>\n\n\n\n<p>El material recuperado ser\u00e1 procesado por <a href=\"https:\/\/www.resirene.com\/\" target=\"_blank\" rel=\"noreferrer noopener\">Resirene<\/a>, en una instalaci\u00f3n con cumplimiento de est\u00e1ndares de la Administraci\u00f3n de Alimentos y Medicamentos de Estados Unidos, lo que permitir\u00e1 su reincorporaci\u00f3n en nuevas aplicaciones.<\/p>\n\n\n\n<blockquote class=\"wp-block-quote is-layout-flow wp-block-quote-is-layout-flow\">\n<p><strong>\u201cLa circularidad depende de la alineaci\u00f3n del sistema, no de la sustituci\u00f3n del material. Cuando se coordinan recolecci\u00f3n, procesamiento y demanda, el poliestireno puede seguir generando valor en una econom\u00eda circular\u201d.<\/strong><\/p>\n<\/blockquote>\n\n\n\n<p><strong>Justin Riney, Polystyrene Recycling Alliance<\/strong><\/p>\n\n\n\n<h3 class=\"wp-block-heading\">El reto estructural: infraestructura y demanda<\/h3>\n\n\n\n<p>A pesar de su uso extendido en empaques l\u00e1cteos, el HIPS enfrenta <strong>bajas tasas de recuperaci\u00f3n<\/strong>, principalmente por limitaciones en infraestructura y por la falta de demanda estable para material reciclado.<\/p>\n\n\n\n<p>La alianza busca responder a este desaf\u00edo mediante un enfoque de mercado: <strong>compromisos anticipados de las marcas participantes<\/strong> que generen certidumbre econ\u00f3mica para invertir en recolecci\u00f3n y procesamiento.<\/p>\n\n\n\n<p>Seg\u00fan voceros del proyecto, este modelo permite atacar uno de los principales cuellos de botella de la circularidad: la desconexi\u00f3n entre oferta de residuos y demanda industrial.<\/p>\n\n\n\n<h3 class=\"wp-block-heading\">\ud83d\udcca Claves de la iniciativa<\/h3>\n\n\n\n<p><strong>14 meses<\/strong> | Duraci\u00f3n del piloto<\/p>\n\n\n\n<p><strong>4 regiones<\/strong> | Cobertura en M\u00e9xico<\/p>\n\n\n\n<p><strong>+5 actores clave<\/strong> | Empresas y recicladores<\/p>\n\n\n\n<p><strong>Cadena integrada<\/strong> | Recolecci\u00f3n a resina reciclada<\/p>\n\n\n\n<h3 class=\"wp-block-heading\">Un laboratorio de circularidad para Am\u00e9rica Latina<\/h3>\n\n\n\n<p>M\u00e1s all\u00e1 del caso puntual del poliestireno, la iniciativa busca generar <strong>datos reales sobre desempe\u00f1o de recolecci\u00f3n, econom\u00eda del reciclaje y alineaci\u00f3n de la cadena de valor<\/strong>, que puedan replicarse en otros mercados de la regi\u00f3n.<\/p>\n\n\n\n<blockquote class=\"wp-block-quote is-layout-flow wp-block-quote-is-layout-flow\">\n<p>\u201cAcelerar la circularidad requiere la colaboraci\u00f3n de todos los actores de la cadena de valor para asegurar que los materiales cierren el ciclo\u201d.<br><strong>Lisseth Cordero, Ecolana<\/strong><\/p>\n<\/blockquote>\n\n\n\n<p>En ese sentido, el <a href=\"https:\/\/www.pactomexicanodelosplasticos.org\/\" target=\"_blank\" rel=\"noreferrer noopener\">Pacto por los Pl\u00e1sticos de M\u00e9xico<\/a>, como parte de una red global de iniciativas, act\u00faa como articulador entre industria, gobierno y sociedad civil para <strong>desarrollar soluciones pr\u00e1cticas frente a residuos pl\u00e1sticos complejos<\/strong>.<\/p>\n\n\n\n<h3 class=\"wp-block-heading\">Lo que debe mirar la industria<\/h3>\n\n\n\n<p>Para transformadores, productores de resina y marcas, el mensaje de fondo es claro: <strong>la circularidad no depende solo del material, sino de la alineaci\u00f3n de todo el sistema<\/strong>.<\/p>\n\n\n\n<p>Este tipo de modelos \u2014basados en demanda, infraestructura y colaboraci\u00f3n\u2014 anticipa el camino que deber\u00e1 seguir la industria en Am\u00e9rica Latina para cerrar ciclos en materiales que hoy presentan mayores barreras t\u00e9cnicas y econ\u00f3micas.<\/p>\n\n\n\n<p><strong>La pregunta no es si el material es reciclable, sino si el sistema est\u00e1 preparado para reciclarlo.<\/strong><\/p>\n\n\n\n<p>Fuente: <a href=\"https:\/\/www.plastico.com\/noticias\/alianza-impulsa-el-reciclaje-de-poliestireno-en-m%C3%A9xico-un-modelo-de-circularidad-con-enfoque-de-mercado\" target=\"_blank\" rel=\"noreferrer noopener\">https:\/\/www.plastico.com\/<\/a><\/p>\n","protected":false},"excerpt":{"rendered":"<p>Una iniciativa entre actores de la industria busca cerrar el ciclo del\u00a0poliestireno\u00a0de alto impacto en envases l\u00e1cteos, combinando compromiso de marcas, infraestructura y desarrollo de mercado en el centro de M\u00e9xico. La circularidad del poliestireno avanza en Am\u00e9rica Latina con una nueva alianza estrat\u00e9gica entre la Polystyrene Recycling Alliance y el Pacto por los Pl\u00e1sticos [&hellip;]<\/p>\n","protected":false},"author":1,"featured_media":987499535,"comment_status":"closed","ping_status":"closed","sticky":false,"template":"","format":"standard","meta":{"_et_pb_use_builder":"off","_et_pb_old_content":"","_et_gb_content_width":"1080","cybocfi_hide_featured_image":"","footnotes":""},"categories":[19],"tags":[],"class_list":["post-987499534","post","type-post","status-publish","format-standard","has-post-thumbnail","hentry","category-noticias"],"yoast_head":"<!-- This site is optimized with the Yoast SEO plugin v26.5 - https:\/\/yoast.com\/wordpress\/plugins\/seo\/ -->\n<title>Alianza impulsa el reciclaje de poliestireno en M\u00e9xico: un modelo de circularidad con enfoque de mercado - Expo Pl\u00e1sticos 2027<\/title>\n<meta name=\"description\" content=\"Una iniciativa entre actores de la industria busca cerrar el ciclo del poliestireno de alto impacto en envases l\u00e1cteos, combinando compromiso de marcas, infraestructura y desarrollo de mercado en el centro de M\u00e9xico.\" \/>\n<meta name=\"robots\" content=\"index, follow, max-snippet:-1, max-image-preview:large, max-video-preview:-1\" \/>\n<link rel=\"canonical\" href=\"https:\/\/expoplasticos.mx\/2026\/alianza-impulsa-el-reciclaje-de-poliestireno-en-mexico-un-modelo-de-circularidad-con-enfoque-de-mercado\/\" \/>\n<meta property=\"og:locale\" content=\"es_ES\" \/>\n<meta property=\"og:type\" content=\"article\" \/>\n<meta property=\"og:title\" content=\"Alianza impulsa el reciclaje de poliestireno en M\u00e9xico: un modelo de circularidad con enfoque de mercado\" \/>\n<meta property=\"og:description\" content=\"Una iniciativa entre actores de la industria busca cerrar el ciclo del poliestireno de alto impacto en envases l\u00e1cteos, combinando compromiso de marcas, infraestructura y desarrollo de mercado en el centro de M\u00e9xico.\" \/>\n<meta property=\"og:url\" content=\"https:\/\/expoplasticos.mx\/2026\/alianza-impulsa-el-reciclaje-de-poliestireno-en-mexico-un-modelo-de-circularidad-con-enfoque-de-mercado\/\" \/>\n<meta property=\"og:site_name\" content=\"Expo Pl\u00e1sticos 2027\" \/>\n<meta property=\"article:publisher\" content=\"http:\/\/www.facebook.com\/ExpoPlasticos\" \/>\n<meta property=\"article:published_time\" content=\"2026-04-16T16:24:34+00:00\" \/>\n<meta property=\"article:modified_time\" content=\"2026-04-30T16:27:55+00:00\" \/>\n<meta property=\"og:image\" content=\"https:\/\/expoplasticos.mx\/2026\/wp-content\/uploads\/2026\/04\/Blog_16Abril2026.webp\" \/>\n\t<meta property=\"og:image:width\" content=\"1200\" \/>\n\t<meta property=\"og:image:height\" content=\"500\" \/>\n\t<meta property=\"og:image:type\" content=\"image\/webp\" \/>\n<meta name=\"author\" content=\"daniela\" \/>\n<meta name=\"twitter:card\" content=\"summary_large_image\" \/>\n<meta name=\"twitter:title\" content=\"Alianza impulsa el reciclaje de poliestireno en M\u00e9xico: un modelo de circularidad con enfoque de mercado\" \/>\n<meta name=\"twitter:description\" content=\"Una iniciativa entre actores de la industria busca cerrar el ciclo del poliestireno de alto impacto en envases l\u00e1cteos, combinando compromiso de marcas, infraestructura y desarrollo de mercado en el centro de M\u00e9xico.\" \/>\n<meta name=\"twitter:image\" content=\"https:\/\/expoplasticos.mx\/2026\/wp-content\/uploads\/2026\/04\/Blog_16Abril2026.webp\" \/>\n<meta name=\"twitter:creator\" content=\"@expoplasticos\" \/>\n<meta name=\"twitter:site\" content=\"@expoplasticos\" \/>\n<meta name=\"twitter:label1\" content=\"Escrito por\" \/>\n\t<meta name=\"twitter:data1\" content=\"daniela\" \/>\n\t<meta name=\"twitter:label2\" content=\"Tiempo de lectura\" \/>\n\t<meta name=\"twitter:data2\" content=\"3 minutos\" \/>\n<script type=\"application\/ld+json\" class=\"yoast-schema-graph\">{\"@context\":\"https:\/\/schema.org\",\"@graph\":[{\"@type\":\"Article\",\"@id\":\"https:\/\/expoplasticos.mx\/2026\/alianza-impulsa-el-reciclaje-de-poliestireno-en-mexico-un-modelo-de-circularidad-con-enfoque-de-mercado\/#article\",\"isPartOf\":{\"@id\":\"https:\/\/expoplasticos.mx\/2026\/alianza-impulsa-el-reciclaje-de-poliestireno-en-mexico-un-modelo-de-circularidad-con-enfoque-de-mercado\/\"},\"author\":{\"name\":\"daniela\",\"@id\":\"https:\/\/expoplasticos.mx\/2026\/#\/schema\/person\/c14a8de37d62fa837c48472178d1c081\"},\"headline\":\"Alianza impulsa el reciclaje de poliestireno en M\u00e9xico: un modelo de circularidad con enfoque de mercado\",\"datePublished\":\"2026-04-16T16:24:34+00:00\",\"dateModified\":\"2026-04-30T16:27:55+00:00\",\"mainEntityOfPage\":{\"@id\":\"https:\/\/expoplasticos.mx\/2026\/alianza-impulsa-el-reciclaje-de-poliestireno-en-mexico-un-modelo-de-circularidad-con-enfoque-de-mercado\/\"},\"wordCount\":605,\"publisher\":{\"@id\":\"https:\/\/expoplasticos.mx\/2026\/#organization\"},\"image\":{\"@id\":\"https:\/\/expoplasticos.mx\/2026\/alianza-impulsa-el-reciclaje-de-poliestireno-en-mexico-un-modelo-de-circularidad-con-enfoque-de-mercado\/#primaryimage\"},\"thumbnailUrl\":\"https:\/\/expoplasticos.mx\/2026\/wp-content\/uploads\/2026\/04\/Blog_16Abril2026.webp\",\"articleSection\":[\"NOTICIAS\"],\"inLanguage\":\"es\"},{\"@type\":\"WebPage\",\"@id\":\"https:\/\/expoplasticos.mx\/2026\/alianza-impulsa-el-reciclaje-de-poliestireno-en-mexico-un-modelo-de-circularidad-con-enfoque-de-mercado\/\",\"url\":\"https:\/\/expoplasticos.mx\/2026\/alianza-impulsa-el-reciclaje-de-poliestireno-en-mexico-un-modelo-de-circularidad-con-enfoque-de-mercado\/\",\"name\":\"Alianza impulsa el reciclaje de poliestireno en M\u00e9xico: un modelo de circularidad con enfoque de mercado - Expo Pl\u00e1sticos 2027\",\"isPartOf\":{\"@id\":\"https:\/\/expoplasticos.mx\/2026\/#website\"},\"primaryImageOfPage\":{\"@id\":\"https:\/\/expoplasticos.mx\/2026\/alianza-impulsa-el-reciclaje-de-poliestireno-en-mexico-un-modelo-de-circularidad-con-enfoque-de-mercado\/#primaryimage\"},\"image\":{\"@id\":\"https:\/\/expoplasticos.mx\/2026\/alianza-impulsa-el-reciclaje-de-poliestireno-en-mexico-un-modelo-de-circularidad-con-enfoque-de-mercado\/#primaryimage\"},\"thumbnailUrl\":\"https:\/\/expoplasticos.mx\/2026\/wp-content\/uploads\/2026\/04\/Blog_16Abril2026.webp\",\"datePublished\":\"2026-04-16T16:24:34+00:00\",\"dateModified\":\"2026-04-30T16:27:55+00:00\",\"description\":\"Una iniciativa entre actores de la industria busca cerrar el ciclo del poliestireno de alto impacto en envases l\u00e1cteos, combinando compromiso de marcas, infraestructura y desarrollo de mercado en el centro de M\u00e9xico.\",\"breadcrumb\":{\"@id\":\"https:\/\/expoplasticos.mx\/2026\/alianza-impulsa-el-reciclaje-de-poliestireno-en-mexico-un-modelo-de-circularidad-con-enfoque-de-mercado\/#breadcrumb\"},\"inLanguage\":\"es\",\"potentialAction\":[{\"@type\":\"ReadAction\",\"target\":[\"https:\/\/expoplasticos.mx\/2026\/alianza-impulsa-el-reciclaje-de-poliestireno-en-mexico-un-modelo-de-circularidad-con-enfoque-de-mercado\/\"]}]},{\"@type\":\"ImageObject\",\"inLanguage\":\"es\",\"@id\":\"https:\/\/expoplasticos.mx\/2026\/alianza-impulsa-el-reciclaje-de-poliestireno-en-mexico-un-modelo-de-circularidad-con-enfoque-de-mercado\/#primaryimage\",\"url\":\"https:\/\/expoplasticos.mx\/2026\/wp-content\/uploads\/2026\/04\/Blog_16Abril2026.webp\",\"contentUrl\":\"https:\/\/expoplasticos.mx\/2026\/wp-content\/uploads\/2026\/04\/Blog_16Abril2026.webp\",\"width\":1200,\"height\":500},{\"@type\":\"BreadcrumbList\",\"@id\":\"https:\/\/expoplasticos.mx\/2026\/alianza-impulsa-el-reciclaje-de-poliestireno-en-mexico-un-modelo-de-circularidad-con-enfoque-de-mercado\/#breadcrumb\",\"itemListElement\":[{\"@type\":\"ListItem\",\"position\":1,\"name\":\"Inicio\",\"item\":\"https:\/\/expoplasticos.mx\/2026\/\"},{\"@type\":\"ListItem\",\"position\":2,\"name\":\"NOTICIAS\",\"item\":\"https:\/\/expoplasticos.mx\/2026\/category\/noticias\/\"},{\"@type\":\"ListItem\",\"position\":3,\"name\":\"Alianza impulsa el reciclaje de poliestireno en M\u00e9xico: un modelo de circularidad con enfoque de mercado\"}]},{\"@type\":\"WebSite\",\"@id\":\"https:\/\/expoplasticos.mx\/2026\/#website\",\"url\":\"https:\/\/expoplasticos.mx\/2026\/\",\"name\":\"Expo Pl\u00e1sticos 2026\",\"description\":\"El punto de encuentro para la transformaci\u00f3n de la industria del pl\u00e1stico\",\"publisher\":{\"@id\":\"https:\/\/expoplasticos.mx\/2026\/#organization\"},\"potentialAction\":[{\"@type\":\"SearchAction\",\"target\":{\"@type\":\"EntryPoint\",\"urlTemplate\":\"https:\/\/expoplasticos.mx\/2026\/?s={search_term_string}\"},\"query-input\":{\"@type\":\"PropertyValueSpecification\",\"valueRequired\":true,\"valueName\":\"search_term_string\"}}],\"inLanguage\":\"es\"},{\"@type\":\"Organization\",\"@id\":\"https:\/\/expoplasticos.mx\/2026\/#organization\",\"name\":\"Expo Pl\u00e1sticos 2026\",\"url\":\"https:\/\/expoplasticos.mx\/2026\/\",\"logo\":{\"@type\":\"ImageObject\",\"inLanguage\":\"es\",\"@id\":\"https:\/\/expoplasticos.mx\/2026\/#\/schema\/logo\/image\/\",\"url\":\"https:\/\/expoplasticos.mx\/2026\/wp-content\/uploads\/2025\/10\/EP26_LogYoast.webp\",\"contentUrl\":\"https:\/\/expoplasticos.mx\/2026\/wp-content\/uploads\/2025\/10\/EP26_LogYoast.webp\",\"width\":875,\"height\":286,\"caption\":\"Expo Pl\u00e1sticos 2026\"},\"image\":{\"@id\":\"https:\/\/expoplasticos.mx\/2026\/#\/schema\/logo\/image\/\"},\"sameAs\":[\"http:\/\/www.facebook.com\/ExpoPlasticos\",\"https:\/\/x.com\/expoplasticos\",\"http:\/\/www.instagram.com\/ExpoPlasticos\",\"https:\/\/www.linkedin.com\/company\/expoplasticos\/posts\/?feedView=all\",\"https:\/\/www.youtube.com\/@ExpoPlasticos\"]},{\"@type\":\"Person\",\"@id\":\"https:\/\/expoplasticos.mx\/2026\/#\/schema\/person\/c14a8de37d62fa837c48472178d1c081\",\"name\":\"daniela\",\"image\":{\"@type\":\"ImageObject\",\"inLanguage\":\"es\",\"@id\":\"https:\/\/expoplasticos.mx\/2026\/#\/schema\/person\/image\/\",\"url\":\"https:\/\/secure.gravatar.com\/avatar\/6804e94c76f778ac07bce28b7595d8a0248a29d955fb308ffce6715e3d08c55f?s=96&d=mm&r=g\",\"contentUrl\":\"https:\/\/secure.gravatar.com\/avatar\/6804e94c76f778ac07bce28b7595d8a0248a29d955fb308ffce6715e3d08c55f?s=96&d=mm&r=g\",\"caption\":\"daniela\"},\"sameAs\":[\"http:\/\/expoplasticos.mx\/2026\"]}]}<\/script>\n<!-- \/ Yoast SEO plugin. -->","yoast_head_json":{"title":"Alianza impulsa el reciclaje de poliestireno en M\u00e9xico: un modelo de circularidad con enfoque de mercado - Expo Pl\u00e1sticos 2027","description":"Una iniciativa entre actores de la industria busca cerrar el ciclo del poliestireno de alto impacto en envases l\u00e1cteos, combinando compromiso de marcas, infraestructura y desarrollo de mercado en el centro de M\u00e9xico.","robots":{"index":"index","follow":"follow","max-snippet":"max-snippet:-1","max-image-preview":"max-image-preview:large","max-video-preview":"max-video-preview:-1"},"canonical":"https:\/\/expoplasticos.mx\/2026\/alianza-impulsa-el-reciclaje-de-poliestireno-en-mexico-un-modelo-de-circularidad-con-enfoque-de-mercado\/","og_locale":"es_ES","og_type":"article","og_title":"Alianza impulsa el reciclaje de poliestireno en M\u00e9xico: un modelo de circularidad con enfoque de mercado","og_description":"Una iniciativa entre actores de la industria busca cerrar el ciclo del poliestireno de alto impacto en envases l\u00e1cteos, combinando compromiso de marcas, infraestructura y desarrollo de mercado en el centro de M\u00e9xico.","og_url":"https:\/\/expoplasticos.mx\/2026\/alianza-impulsa-el-reciclaje-de-poliestireno-en-mexico-un-modelo-de-circularidad-con-enfoque-de-mercado\/","og_site_name":"Expo Pl\u00e1sticos 2027","article_publisher":"http:\/\/www.facebook.com\/ExpoPlasticos","article_published_time":"2026-04-16T16:24:34+00:00","article_modified_time":"2026-04-30T16:27:55+00:00","og_image":[{"width":1200,"height":500,"url":"https:\/\/expoplasticos.mx\/2026\/wp-content\/uploads\/2026\/04\/Blog_16Abril2026.webp","type":"image\/webp"}],"author":"daniela","twitter_card":"summary_large_image","twitter_title":"Alianza impulsa el reciclaje de poliestireno en M\u00e9xico: un modelo de circularidad con enfoque de mercado","twitter_description":"Una iniciativa entre actores de la industria busca cerrar el ciclo del poliestireno de alto impacto en envases l\u00e1cteos, combinando compromiso de marcas, infraestructura y desarrollo de mercado en el centro de M\u00e9xico.","twitter_image":"https:\/\/expoplasticos.mx\/2026\/wp-content\/uploads\/2026\/04\/Blog_16Abril2026.webp","twitter_creator":"@expoplasticos","twitter_site":"@expoplasticos","twitter_misc":{"Escrito por":"daniela","Tiempo de lectura":"3 minutos"},"schema":{"@context":"https:\/\/schema.org","@graph":[{"@type":"Article","@id":"https:\/\/expoplasticos.mx\/2026\/alianza-impulsa-el-reciclaje-de-poliestireno-en-mexico-un-modelo-de-circularidad-con-enfoque-de-mercado\/#article","isPartOf":{"@id":"https:\/\/expoplasticos.mx\/2026\/alianza-impulsa-el-reciclaje-de-poliestireno-en-mexico-un-modelo-de-circularidad-con-enfoque-de-mercado\/"},"author":{"name":"daniela","@id":"https:\/\/expoplasticos.mx\/2026\/#\/schema\/person\/c14a8de37d62fa837c48472178d1c081"},"headline":"Alianza impulsa el reciclaje de poliestireno en M\u00e9xico: un modelo de circularidad con enfoque de mercado","datePublished":"2026-04-16T16:24:34+00:00","dateModified":"2026-04-30T16:27:55+00:00","mainEntityOfPage":{"@id":"https:\/\/expoplasticos.mx\/2026\/alianza-impulsa-el-reciclaje-de-poliestireno-en-mexico-un-modelo-de-circularidad-con-enfoque-de-mercado\/"},"wordCount":605,"publisher":{"@id":"https:\/\/expoplasticos.mx\/2026\/#organization"},"image":{"@id":"https:\/\/expoplasticos.mx\/2026\/alianza-impulsa-el-reciclaje-de-poliestireno-en-mexico-un-modelo-de-circularidad-con-enfoque-de-mercado\/#primaryimage"},"thumbnailUrl":"https:\/\/expoplasticos.mx\/2026\/wp-content\/uploads\/2026\/04\/Blog_16Abril2026.webp","articleSection":["NOTICIAS"],"inLanguage":"es"},{"@type":"WebPage","@id":"https:\/\/expoplasticos.mx\/2026\/alianza-impulsa-el-reciclaje-de-poliestireno-en-mexico-un-modelo-de-circularidad-con-enfoque-de-mercado\/","url":"https:\/\/expoplasticos.mx\/2026\/alianza-impulsa-el-reciclaje-de-poliestireno-en-mexico-un-modelo-de-circularidad-con-enfoque-de-mercado\/","name":"Alianza impulsa el reciclaje de poliestireno en M\u00e9xico: un modelo de circularidad con enfoque de mercado - Expo Pl\u00e1sticos 2027","isPartOf":{"@id":"https:\/\/expoplasticos.mx\/2026\/#website"},"primaryImageOfPage":{"@id":"https:\/\/expoplasticos.mx\/2026\/alianza-impulsa-el-reciclaje-de-poliestireno-en-mexico-un-modelo-de-circularidad-con-enfoque-de-mercado\/#primaryimage"},"image":{"@id":"https:\/\/expoplasticos.mx\/2026\/alianza-impulsa-el-reciclaje-de-poliestireno-en-mexico-un-modelo-de-circularidad-con-enfoque-de-mercado\/#primaryimage"},"thumbnailUrl":"https:\/\/expoplasticos.mx\/2026\/wp-content\/uploads\/2026\/04\/Blog_16Abril2026.webp","datePublished":"2026-04-16T16:24:34+00:00","dateModified":"2026-04-30T16:27:55+00:00","description":"Una iniciativa entre actores de la industria busca cerrar el ciclo del poliestireno de alto impacto en envases l\u00e1cteos, combinando compromiso de marcas, infraestructura y desarrollo de mercado en el centro de M\u00e9xico.","breadcrumb":{"@id":"https:\/\/expoplasticos.mx\/2026\/alianza-impulsa-el-reciclaje-de-poliestireno-en-mexico-un-modelo-de-circularidad-con-enfoque-de-mercado\/#breadcrumb"},"inLanguage":"es","potentialAction":[{"@type":"ReadAction","target":["https:\/\/expoplasticos.mx\/2026\/alianza-impulsa-el-reciclaje-de-poliestireno-en-mexico-un-modelo-de-circularidad-con-enfoque-de-mercado\/"]}]},{"@type":"ImageObject","inLanguage":"es","@id":"https:\/\/expoplasticos.mx\/2026\/alianza-impulsa-el-reciclaje-de-poliestireno-en-mexico-un-modelo-de-circularidad-con-enfoque-de-mercado\/#primaryimage","url":"https:\/\/expoplasticos.mx\/2026\/wp-content\/uploads\/2026\/04\/Blog_16Abril2026.webp","contentUrl":"https:\/\/expoplasticos.mx\/2026\/wp-content\/uploads\/2026\/04\/Blog_16Abril2026.webp","width":1200,"height":500},{"@type":"BreadcrumbList","@id":"https:\/\/expoplasticos.mx\/2026\/alianza-impulsa-el-reciclaje-de-poliestireno-en-mexico-un-modelo-de-circularidad-con-enfoque-de-mercado\/#breadcrumb","itemListElement":[{"@type":"ListItem","position":1,"name":"Inicio","item":"https:\/\/expoplasticos.mx\/2026\/"},{"@type":"ListItem","position":2,"name":"NOTICIAS","item":"https:\/\/expoplasticos.mx\/2026\/category\/noticias\/"},{"@type":"ListItem","position":3,"name":"Alianza impulsa el reciclaje de poliestireno en M\u00e9xico: un modelo de circularidad con enfoque de mercado"}]},{"@type":"WebSite","@id":"https:\/\/expoplasticos.mx\/2026\/#website","url":"https:\/\/expoplasticos.mx\/2026\/","name":"Expo Pl\u00e1sticos 2026","description":"El punto de encuentro para la transformaci\u00f3n de la industria del pl\u00e1stico","publisher":{"@id":"https:\/\/expoplasticos.mx\/2026\/#organization"},"potentialAction":[{"@type":"SearchAction","target":{"@type":"EntryPoint","urlTemplate":"https:\/\/expoplasticos.mx\/2026\/?s={search_term_string}"},"query-input":{"@type":"PropertyValueSpecification","valueRequired":true,"valueName":"search_term_string"}}],"inLanguage":"es"},{"@type":"Organization","@id":"https:\/\/expoplasticos.mx\/2026\/#organization","name":"Expo Pl\u00e1sticos 2026","url":"https:\/\/expoplasticos.mx\/2026\/","logo":{"@type":"ImageObject","inLanguage":"es","@id":"https:\/\/expoplasticos.mx\/2026\/#\/schema\/logo\/image\/","url":"https:\/\/expoplasticos.mx\/2026\/wp-content\/uploads\/2025\/10\/EP26_LogYoast.webp","contentUrl":"https:\/\/expoplasticos.mx\/2026\/wp-content\/uploads\/2025\/10\/EP26_LogYoast.webp","width":875,"height":286,"caption":"Expo Pl\u00e1sticos 2026"},"image":{"@id":"https:\/\/expoplasticos.mx\/2026\/#\/schema\/logo\/image\/"},"sameAs":["http:\/\/www.facebook.com\/ExpoPlasticos","https:\/\/x.com\/expoplasticos","http:\/\/www.instagram.com\/ExpoPlasticos","https:\/\/www.linkedin.com\/company\/expoplasticos\/posts\/?feedView=all","https:\/\/www.youtube.com\/@ExpoPlasticos"]},{"@type":"Person","@id":"https:\/\/expoplasticos.mx\/2026\/#\/schema\/person\/c14a8de37d62fa837c48472178d1c081","name":"daniela","image":{"@type":"ImageObject","inLanguage":"es","@id":"https:\/\/expoplasticos.mx\/2026\/#\/schema\/person\/image\/","url":"https:\/\/secure.gravatar.com\/avatar\/6804e94c76f778ac07bce28b7595d8a0248a29d955fb308ffce6715e3d08c55f?s=96&d=mm&r=g","contentUrl":"https:\/\/secure.gravatar.com\/avatar\/6804e94c76f778ac07bce28b7595d8a0248a29d955fb308ffce6715e3d08c55f?s=96&d=mm&r=g","caption":"daniela"},"sameAs":["http:\/\/expoplasticos.mx\/2026"]}]}},"_links":{"self":[{"href":"https:\/\/expoplasticos.mx\/2026\/wp-json\/wp\/v2\/posts\/987499534","targetHints":{"allow":["GET"]}}],"collection":[{"href":"https:\/\/expoplasticos.mx\/2026\/wp-json\/wp\/v2\/posts"}],"about":[{"href":"https:\/\/expoplasticos.mx\/2026\/wp-json\/wp\/v2\/types\/post"}],"author":[{"embeddable":true,"href":"https:\/\/expoplasticos.mx\/2026\/wp-json\/wp\/v2\/users\/1"}],"replies":[{"embeddable":true,"href":"https:\/\/expoplasticos.mx\/2026\/wp-json\/wp\/v2\/comments?post=987499534"}],"version-history":[{"count":1,"href":"https:\/\/expoplasticos.mx\/2026\/wp-json\/wp\/v2\/posts\/987499534\/revisions"}],"predecessor-version":[{"id":987499536,"href":"https:\/\/expoplasticos.mx\/2026\/wp-json\/wp\/v2\/posts\/987499534\/revisions\/987499536"}],"wp:featuredmedia":[{"embeddable":true,"href":"https:\/\/expoplasticos.mx\/2026\/wp-json\/wp\/v2\/media\/987499535"}],"wp:attachment":[{"href":"https:\/\/expoplasticos.mx\/2026\/wp-json\/wp\/v2\/media?parent=987499534"}],"wp:term":[{"taxonomy":"category","embeddable":true,"href":"https:\/\/expoplasticos.mx\/2026\/wp-json\/wp\/v2\/categories?post=987499534"},{"taxonomy":"post_tag","embeddable":true,"href":"https:\/\/expoplasticos.mx\/2026\/wp-json\/wp\/v2\/tags?post=987499534"}],"curies":[{"name":"wp","href":"https:\/\/api.w.org\/{rel}","templated":true}]}}