{"id":987499531,"date":"2026-04-20T16:20:47","date_gmt":"2026-04-20T16:20:47","guid":{"rendered":"https:\/\/expoplasticos.mx\/2026\/?p=987499531"},"modified":"2026-04-30T16:24:24","modified_gmt":"2026-04-30T16:24:24","slug":"wittmann-reorganiza-su-direccion-para-reforzar-su-estrategia-de-soluciones-integradas-en-moldeo-por-inyeccion","status":"publish","type":"post","link":"https:\/\/expoplasticos.mx\/2026\/wittmann-reorganiza-su-direccion-para-reforzar-su-estrategia-de-soluciones-integradas-en-moldeo-por-inyeccion\/","title":{"rendered":"Wittmann reorganiza su direcci\u00f3n para reforzar su estrategia de soluciones integradas en moldeo por inyecci\u00f3n"},"content":{"rendered":"\n<h3 class=\"wp-block-heading\">El Grupo Wittmann reorganiz\u00f3 su direcci\u00f3n para integrar bajo una doble conducci\u00f3n sus divisiones de moldeo por inyecci\u00f3n, automatizaci\u00f3n y equipos auxiliares, reforzando su estrategia global de soluciones integradas para la industria del pl\u00e1stico.<\/h3>\n\n\n\n<p>El Grupo Wittmann anunci\u00f3 una reestructuraci\u00f3n en su equipo directivo con el objetivo de fortalecer su estrategia global de integraci\u00f3n en tecnolog\u00edas para moldeo por inyecci\u00f3n. A trav\u00e9s de un comunicado, la compa\u00f1\u00eda inform\u00f3 que, a partir del <strong>1 de mayo de 2026<\/strong>, sus dos principales divisiones de negocio operar\u00e1n bajo una <strong>doble direcci\u00f3n conjunta<\/strong>.<\/p>\n\n\n\n<p>La nueva estructura integrar\u00e1 a <strong>Wittmann Battenfeld GmbH<\/strong>, divisi\u00f3n de m\u00e1quinas de moldeo por inyecci\u00f3n con sede en Kottingbrunn, y a <strong>Wittmann Technology GmbH<\/strong>, enfocada en automatizaci\u00f3n y equipos auxiliares, con sede en Viena. Ambas unidades quedar\u00e1n bajo la direcci\u00f3n de los propietarios del grupo, Michael Wittmann y el Dr. Werner Wittmann.<\/p>\n\n\n\n<p>Como parte de este cambio, <strong>Rainer Weingraber<\/strong> dejar\u00e1 la compa\u00f1\u00eda a finales de abril, tras haber ocupado desde 2019 la direcci\u00f3n general de Wittmann Battenfeld GmbH.<\/p>\n\n\n\n<blockquote class=\"wp-block-quote is-layout-flow wp-block-quote-is-layout-flow\">\n<p>\u201cCon esta nueva estructura, estamos implementando de forma coherente la estrategia <em>It\u2019s all Wittmann<\/em>, lanzada en 2022, hasta el nivel de alta direcci\u00f3n\u201d, se\u00f1al\u00f3 Michael Wittmann. \u201cNuestra amplia experiencia en ofrecer soluciones integrales desde un solo proveedor representa una ventaja competitiva clave, y con esta consolidaci\u00f3n buscamos reforzarla a\u00fan m\u00e1s a escala global\u201d.<\/p>\n<\/blockquote>\n\n\n\n<h3 class=\"wp-block-heading\">Una direcci\u00f3n unificada para consolidar la estrategia \u201cIt\u2019s all Wittmann\u201d<\/h3>\n\n\n\n<p>La decisi\u00f3n refleja el avance de la estrategia corporativa del grupo, que busca consolidar su posici\u00f3n como proveedor integral para la industria del pl\u00e1stico. Bajo el concepto <strong>\u201cIt\u2019s all Wittmann\u201d<\/strong>, la empresa apuesta por una oferta totalmente conectada que abarca desde la manipulaci\u00f3n de materiales y las m\u00e1quinas de inyecci\u00f3n, hasta la automatizaci\u00f3n, el reciclaje en l\u00ednea y la digitalizaci\u00f3n de procesos.<\/p>\n\n\n\n<p>Uno de los elementos distintivos de esta estrategia es que Wittmann desarrolla y fabrica internamente todos estos componentes. Esto le permite ofrecer a sus clientes desde soluciones individuales hasta <strong>c\u00e9lulas de producci\u00f3n completamente integradas<\/strong>, con una visi\u00f3n m\u00e1s amplia de todo el proceso de transformaci\u00f3n de pl\u00e1sticos.<\/p>\n\n\n\n<p>Este enfoque resulta especialmente relevante en un contexto en el que los procesadores demandan cada vez m\u00e1s <strong>eficiencia operativa<\/strong>, <strong>interconectividad<\/strong>, <strong>reducci\u00f3n de tiempos de ciclo<\/strong> y un mayor control sobre la calidad de producci\u00f3n.<\/p>\n\n\n\n<h3 class=\"wp-block-heading\">Salida de Rainer Weingraber tras siete a\u00f1os en el grupo<\/h3>\n\n\n\n<p>Michael Wittmann tambi\u00e9n reconoci\u00f3 la contribuci\u00f3n de Rainer Weingraber durante un periodo clave para la empresa.<\/p>\n\n\n\n<blockquote class=\"wp-block-quote is-layout-flow wp-block-quote-is-layout-flow\">\n<p>\u201cEl Sr. Weingraber ha liderado la divisi\u00f3n de m\u00e1quinas de moldeo por inyecci\u00f3n en tiempos dif\u00edciles y ha desempe\u00f1ado un papel decisivo en la integraci\u00f3n de todas las unidades de negocio\u201d, afirm\u00f3. \u201cAgradecemos su dedicaci\u00f3n y sus logros durante los \u00faltimos siete a\u00f1os, y le deseamos lo mejor en el futuro\u201d.<\/p>\n<\/blockquote>\n\n\n\n<p>La salida de Weingraber marca el cierre de una etapa en la que la divisi\u00f3n de maquinaria enfrent\u00f3 importantes desaf\u00edos del mercado, al tiempo que avanzaba en la integraci\u00f3n de capacidades dentro del grupo.<\/p>\n\n\n\n<h3 class=\"wp-block-heading\">Wittmann busca reforzar su presencia global en la industria del pl\u00e1stico<\/h3>\n\n\n\n<p>Con esta reorganizaci\u00f3n, el Grupo Wittmann busca fortalecer su presencia internacional y acelerar su capacidad para ofrecer <strong>soluciones integrales de moldeo por inyecci\u00f3n<\/strong> a clientes de todo el mundo. La unificaci\u00f3n del liderazgo tambi\u00e9n env\u00eda una se\u00f1al clara sobre la importancia que la empresa concede a la integraci\u00f3n de tecnolog\u00edas, un factor cada vez m\u00e1s valorado en la transformaci\u00f3n de pl\u00e1sticos.<\/p>\n\n\n\n<p>La medida se alinea con una tendencia creciente en la industria: la b\u00fasqueda de socios tecnol\u00f3gicos capaces de suministrar sistemas completos, conectados y listos para responder a los retos actuales de productividad, automatizaci\u00f3n y sostenibilidad.<\/p>\n\n\n\n<p>Fuente: <a href=\"https:\/\/ambienteplastico.com\/wittmann-reorganiza-direccion-estrategia-moldeo-inyeccion\/\" target=\"_blank\" rel=\"noreferrer noopener\">https:\/\/ambienteplastico.com\/<\/a><\/p>\n","protected":false},"excerpt":{"rendered":"<p>El Grupo Wittmann reorganiz\u00f3 su direcci\u00f3n para integrar bajo una doble conducci\u00f3n sus divisiones de moldeo por inyecci\u00f3n, automatizaci\u00f3n y equipos auxiliares, reforzando su estrategia global de soluciones integradas para la industria del pl\u00e1stico. El Grupo Wittmann anunci\u00f3 una reestructuraci\u00f3n en su equipo directivo con el objetivo de fortalecer su estrategia global de integraci\u00f3n en [&hellip;]<\/p>\n","protected":false},"author":1,"featured_media":987499532,"comment_status":"closed","ping_status":"closed","sticky":false,"template":"","format":"standard","meta":{"_et_pb_use_builder":"off","_et_pb_old_content":"","_et_gb_content_width":"1080","cybocfi_hide_featured_image":"","footnotes":""},"categories":[19],"tags":[],"class_list":["post-987499531","post","type-post","status-publish","format-standard","has-post-thumbnail","hentry","category-noticias"],"yoast_head":"<!-- This site is optimized with the Yoast SEO plugin v26.5 - https:\/\/yoast.com\/wordpress\/plugins\/seo\/ -->\n<title>Wittmann reorganiza su direcci\u00f3n para reforzar su estrategia de soluciones integradas en moldeo por inyecci\u00f3n - Expo Pl\u00e1sticos 2027<\/title>\n<meta name=\"description\" content=\"El Grupo Wittmann reorganiz\u00f3 su direcci\u00f3n para integrar bajo una doble conducci\u00f3n sus divisiones de moldeo por inyecci\u00f3n, automatizaci\u00f3n y equipos auxiliares, reforzando su estrategia global de soluciones integradas para la industria del pl\u00e1stico.\" \/>\n<meta name=\"robots\" content=\"index, follow, max-snippet:-1, max-image-preview:large, max-video-preview:-1\" \/>\n<link rel=\"canonical\" href=\"https:\/\/expoplasticos.mx\/2026\/wittmann-reorganiza-su-direccion-para-reforzar-su-estrategia-de-soluciones-integradas-en-moldeo-por-inyeccion\/\" \/>\n<meta property=\"og:locale\" content=\"es_ES\" \/>\n<meta property=\"og:type\" content=\"article\" \/>\n<meta property=\"og:title\" content=\"Wittmann reorganiza su direcci\u00f3n para reforzar su estrategia de soluciones integradas en moldeo por inyecci\u00f3n\" \/>\n<meta property=\"og:description\" content=\"El Grupo Wittmann reorganiz\u00f3 su direcci\u00f3n para integrar bajo una doble conducci\u00f3n sus divisiones de moldeo por inyecci\u00f3n, automatizaci\u00f3n y equipos auxiliares, reforzando su estrategia global de soluciones integradas para la industria del pl\u00e1stico.\" \/>\n<meta property=\"og:url\" content=\"https:\/\/expoplasticos.mx\/2026\/wittmann-reorganiza-su-direccion-para-reforzar-su-estrategia-de-soluciones-integradas-en-moldeo-por-inyeccion\/\" \/>\n<meta property=\"og:site_name\" content=\"Expo Pl\u00e1sticos 2027\" \/>\n<meta property=\"article:publisher\" content=\"http:\/\/www.facebook.com\/ExpoPlasticos\" \/>\n<meta property=\"article:published_time\" content=\"2026-04-20T16:20:47+00:00\" \/>\n<meta property=\"article:modified_time\" content=\"2026-04-30T16:24:24+00:00\" \/>\n<meta property=\"og:image\" content=\"https:\/\/expoplasticos.mx\/2026\/wp-content\/uploads\/2026\/04\/Blog_20Abril2026.webp\" \/>\n\t<meta property=\"og:image:width\" content=\"1200\" \/>\n\t<meta property=\"og:image:height\" content=\"500\" \/>\n\t<meta property=\"og:image:type\" content=\"image\/webp\" \/>\n<meta name=\"author\" content=\"daniela\" \/>\n<meta name=\"twitter:card\" content=\"summary_large_image\" \/>\n<meta name=\"twitter:title\" content=\"Wittmann reorganiza su direcci\u00f3n para reforzar su estrategia de soluciones integradas en moldeo por inyecci\u00f3n\" \/>\n<meta name=\"twitter:description\" content=\"El Grupo Wittmann reorganiz\u00f3 su direcci\u00f3n para integrar bajo una doble conducci\u00f3n sus divisiones de moldeo por inyecci\u00f3n, automatizaci\u00f3n y equipos auxiliares, reforzando su estrategia global de soluciones integradas para la industria del pl\u00e1stico.\" \/>\n<meta name=\"twitter:image\" content=\"https:\/\/expoplasticos.mx\/2026\/wp-content\/uploads\/2026\/04\/Blog_20Abril2026.webp\" \/>\n<meta name=\"twitter:creator\" content=\"@expoplasticos\" \/>\n<meta name=\"twitter:site\" content=\"@expoplasticos\" \/>\n<meta name=\"twitter:label1\" content=\"Escrito por\" \/>\n\t<meta name=\"twitter:data1\" content=\"daniela\" \/>\n\t<meta name=\"twitter:label2\" content=\"Tiempo de lectura\" \/>\n\t<meta name=\"twitter:data2\" content=\"3 minutos\" \/>\n<script type=\"application\/ld+json\" class=\"yoast-schema-graph\">{\"@context\":\"https:\/\/schema.org\",\"@graph\":[{\"@type\":\"Article\",\"@id\":\"https:\/\/expoplasticos.mx\/2026\/wittmann-reorganiza-su-direccion-para-reforzar-su-estrategia-de-soluciones-integradas-en-moldeo-por-inyeccion\/#article\",\"isPartOf\":{\"@id\":\"https:\/\/expoplasticos.mx\/2026\/wittmann-reorganiza-su-direccion-para-reforzar-su-estrategia-de-soluciones-integradas-en-moldeo-por-inyeccion\/\"},\"author\":{\"name\":\"daniela\",\"@id\":\"https:\/\/expoplasticos.mx\/2026\/#\/schema\/person\/c14a8de37d62fa837c48472178d1c081\"},\"headline\":\"Wittmann reorganiza su direcci\u00f3n para reforzar su estrategia de soluciones integradas en moldeo por inyecci\u00f3n\",\"datePublished\":\"2026-04-20T16:20:47+00:00\",\"dateModified\":\"2026-04-30T16:24:24+00:00\",\"mainEntityOfPage\":{\"@id\":\"https:\/\/expoplasticos.mx\/2026\/wittmann-reorganiza-su-direccion-para-reforzar-su-estrategia-de-soluciones-integradas-en-moldeo-por-inyeccion\/\"},\"wordCount\":685,\"publisher\":{\"@id\":\"https:\/\/expoplasticos.mx\/2026\/#organization\"},\"image\":{\"@id\":\"https:\/\/expoplasticos.mx\/2026\/wittmann-reorganiza-su-direccion-para-reforzar-su-estrategia-de-soluciones-integradas-en-moldeo-por-inyeccion\/#primaryimage\"},\"thumbnailUrl\":\"https:\/\/expoplasticos.mx\/2026\/wp-content\/uploads\/2026\/04\/Blog_20Abril2026.webp\",\"articleSection\":[\"NOTICIAS\"],\"inLanguage\":\"es\"},{\"@type\":\"WebPage\",\"@id\":\"https:\/\/expoplasticos.mx\/2026\/wittmann-reorganiza-su-direccion-para-reforzar-su-estrategia-de-soluciones-integradas-en-moldeo-por-inyeccion\/\",\"url\":\"https:\/\/expoplasticos.mx\/2026\/wittmann-reorganiza-su-direccion-para-reforzar-su-estrategia-de-soluciones-integradas-en-moldeo-por-inyeccion\/\",\"name\":\"Wittmann reorganiza su direcci\u00f3n para reforzar su estrategia de soluciones integradas en moldeo por inyecci\u00f3n - Expo Pl\u00e1sticos 2027\",\"isPartOf\":{\"@id\":\"https:\/\/expoplasticos.mx\/2026\/#website\"},\"primaryImageOfPage\":{\"@id\":\"https:\/\/expoplasticos.mx\/2026\/wittmann-reorganiza-su-direccion-para-reforzar-su-estrategia-de-soluciones-integradas-en-moldeo-por-inyeccion\/#primaryimage\"},\"image\":{\"@id\":\"https:\/\/expoplasticos.mx\/2026\/wittmann-reorganiza-su-direccion-para-reforzar-su-estrategia-de-soluciones-integradas-en-moldeo-por-inyeccion\/#primaryimage\"},\"thumbnailUrl\":\"https:\/\/expoplasticos.mx\/2026\/wp-content\/uploads\/2026\/04\/Blog_20Abril2026.webp\",\"datePublished\":\"2026-04-20T16:20:47+00:00\",\"dateModified\":\"2026-04-30T16:24:24+00:00\",\"description\":\"El Grupo Wittmann reorganiz\u00f3 su direcci\u00f3n para integrar bajo una doble conducci\u00f3n sus divisiones de moldeo por inyecci\u00f3n, automatizaci\u00f3n y equipos auxiliares, reforzando su estrategia global de soluciones integradas para la industria del pl\u00e1stico.\",\"breadcrumb\":{\"@id\":\"https:\/\/expoplasticos.mx\/2026\/wittmann-reorganiza-su-direccion-para-reforzar-su-estrategia-de-soluciones-integradas-en-moldeo-por-inyeccion\/#breadcrumb\"},\"inLanguage\":\"es\",\"potentialAction\":[{\"@type\":\"ReadAction\",\"target\":[\"https:\/\/expoplasticos.mx\/2026\/wittmann-reorganiza-su-direccion-para-reforzar-su-estrategia-de-soluciones-integradas-en-moldeo-por-inyeccion\/\"]}]},{\"@type\":\"ImageObject\",\"inLanguage\":\"es\",\"@id\":\"https:\/\/expoplasticos.mx\/2026\/wittmann-reorganiza-su-direccion-para-reforzar-su-estrategia-de-soluciones-integradas-en-moldeo-por-inyeccion\/#primaryimage\",\"url\":\"https:\/\/expoplasticos.mx\/2026\/wp-content\/uploads\/2026\/04\/Blog_20Abril2026.webp\",\"contentUrl\":\"https:\/\/expoplasticos.mx\/2026\/wp-content\/uploads\/2026\/04\/Blog_20Abril2026.webp\",\"width\":1200,\"height\":500},{\"@type\":\"BreadcrumbList\",\"@id\":\"https:\/\/expoplasticos.mx\/2026\/wittmann-reorganiza-su-direccion-para-reforzar-su-estrategia-de-soluciones-integradas-en-moldeo-por-inyeccion\/#breadcrumb\",\"itemListElement\":[{\"@type\":\"ListItem\",\"position\":1,\"name\":\"Inicio\",\"item\":\"https:\/\/expoplasticos.mx\/2026\/\"},{\"@type\":\"ListItem\",\"position\":2,\"name\":\"NOTICIAS\",\"item\":\"https:\/\/expoplasticos.mx\/2026\/category\/noticias\/\"},{\"@type\":\"ListItem\",\"position\":3,\"name\":\"Wittmann reorganiza su direcci\u00f3n para reforzar su estrategia de soluciones integradas en moldeo por inyecci\u00f3n\"}]},{\"@type\":\"WebSite\",\"@id\":\"https:\/\/expoplasticos.mx\/2026\/#website\",\"url\":\"https:\/\/expoplasticos.mx\/2026\/\",\"name\":\"Expo Pl\u00e1sticos 2026\",\"description\":\"El punto de encuentro para la transformaci\u00f3n de la industria del pl\u00e1stico\",\"publisher\":{\"@id\":\"https:\/\/expoplasticos.mx\/2026\/#organization\"},\"potentialAction\":[{\"@type\":\"SearchAction\",\"target\":{\"@type\":\"EntryPoint\",\"urlTemplate\":\"https:\/\/expoplasticos.mx\/2026\/?s={search_term_string}\"},\"query-input\":{\"@type\":\"PropertyValueSpecification\",\"valueRequired\":true,\"valueName\":\"search_term_string\"}}],\"inLanguage\":\"es\"},{\"@type\":\"Organization\",\"@id\":\"https:\/\/expoplasticos.mx\/2026\/#organization\",\"name\":\"Expo Pl\u00e1sticos 2026\",\"url\":\"https:\/\/expoplasticos.mx\/2026\/\",\"logo\":{\"@type\":\"ImageObject\",\"inLanguage\":\"es\",\"@id\":\"https:\/\/expoplasticos.mx\/2026\/#\/schema\/logo\/image\/\",\"url\":\"https:\/\/expoplasticos.mx\/2026\/wp-content\/uploads\/2025\/10\/EP26_LogYoast.webp\",\"contentUrl\":\"https:\/\/expoplasticos.mx\/2026\/wp-content\/uploads\/2025\/10\/EP26_LogYoast.webp\",\"width\":875,\"height\":286,\"caption\":\"Expo Pl\u00e1sticos 2026\"},\"image\":{\"@id\":\"https:\/\/expoplasticos.mx\/2026\/#\/schema\/logo\/image\/\"},\"sameAs\":[\"http:\/\/www.facebook.com\/ExpoPlasticos\",\"https:\/\/x.com\/expoplasticos\",\"http:\/\/www.instagram.com\/ExpoPlasticos\",\"https:\/\/www.linkedin.com\/company\/expoplasticos\/posts\/?feedView=all\",\"https:\/\/www.youtube.com\/@ExpoPlasticos\"]},{\"@type\":\"Person\",\"@id\":\"https:\/\/expoplasticos.mx\/2026\/#\/schema\/person\/c14a8de37d62fa837c48472178d1c081\",\"name\":\"daniela\",\"image\":{\"@type\":\"ImageObject\",\"inLanguage\":\"es\",\"@id\":\"https:\/\/expoplasticos.mx\/2026\/#\/schema\/person\/image\/\",\"url\":\"https:\/\/secure.gravatar.com\/avatar\/6804e94c76f778ac07bce28b7595d8a0248a29d955fb308ffce6715e3d08c55f?s=96&d=mm&r=g\",\"contentUrl\":\"https:\/\/secure.gravatar.com\/avatar\/6804e94c76f778ac07bce28b7595d8a0248a29d955fb308ffce6715e3d08c55f?s=96&d=mm&r=g\",\"caption\":\"daniela\"},\"sameAs\":[\"http:\/\/expoplasticos.mx\/2026\"]}]}<\/script>\n<!-- \/ Yoast SEO plugin. -->","yoast_head_json":{"title":"Wittmann reorganiza su direcci\u00f3n para reforzar su estrategia de soluciones integradas en moldeo por inyecci\u00f3n - Expo Pl\u00e1sticos 2027","description":"El Grupo Wittmann reorganiz\u00f3 su direcci\u00f3n para integrar bajo una doble conducci\u00f3n sus divisiones de moldeo por inyecci\u00f3n, automatizaci\u00f3n y equipos auxiliares, reforzando su estrategia global de soluciones integradas para la industria del pl\u00e1stico.","robots":{"index":"index","follow":"follow","max-snippet":"max-snippet:-1","max-image-preview":"max-image-preview:large","max-video-preview":"max-video-preview:-1"},"canonical":"https:\/\/expoplasticos.mx\/2026\/wittmann-reorganiza-su-direccion-para-reforzar-su-estrategia-de-soluciones-integradas-en-moldeo-por-inyeccion\/","og_locale":"es_ES","og_type":"article","og_title":"Wittmann reorganiza su direcci\u00f3n para reforzar su estrategia de soluciones integradas en moldeo por inyecci\u00f3n","og_description":"El Grupo Wittmann reorganiz\u00f3 su direcci\u00f3n para integrar bajo una doble conducci\u00f3n sus divisiones de moldeo por inyecci\u00f3n, automatizaci\u00f3n y equipos auxiliares, reforzando su estrategia global de soluciones integradas para la industria del pl\u00e1stico.","og_url":"https:\/\/expoplasticos.mx\/2026\/wittmann-reorganiza-su-direccion-para-reforzar-su-estrategia-de-soluciones-integradas-en-moldeo-por-inyeccion\/","og_site_name":"Expo Pl\u00e1sticos 2027","article_publisher":"http:\/\/www.facebook.com\/ExpoPlasticos","article_published_time":"2026-04-20T16:20:47+00:00","article_modified_time":"2026-04-30T16:24:24+00:00","og_image":[{"width":1200,"height":500,"url":"https:\/\/expoplasticos.mx\/2026\/wp-content\/uploads\/2026\/04\/Blog_20Abril2026.webp","type":"image\/webp"}],"author":"daniela","twitter_card":"summary_large_image","twitter_title":"Wittmann reorganiza su direcci\u00f3n para reforzar su estrategia de soluciones integradas en moldeo por inyecci\u00f3n","twitter_description":"El Grupo Wittmann reorganiz\u00f3 su direcci\u00f3n para integrar bajo una doble conducci\u00f3n sus divisiones de moldeo por inyecci\u00f3n, automatizaci\u00f3n y equipos auxiliares, reforzando su estrategia global de soluciones integradas para la industria del pl\u00e1stico.","twitter_image":"https:\/\/expoplasticos.mx\/2026\/wp-content\/uploads\/2026\/04\/Blog_20Abril2026.webp","twitter_creator":"@expoplasticos","twitter_site":"@expoplasticos","twitter_misc":{"Escrito por":"daniela","Tiempo de lectura":"3 minutos"},"schema":{"@context":"https:\/\/schema.org","@graph":[{"@type":"Article","@id":"https:\/\/expoplasticos.mx\/2026\/wittmann-reorganiza-su-direccion-para-reforzar-su-estrategia-de-soluciones-integradas-en-moldeo-por-inyeccion\/#article","isPartOf":{"@id":"https:\/\/expoplasticos.mx\/2026\/wittmann-reorganiza-su-direccion-para-reforzar-su-estrategia-de-soluciones-integradas-en-moldeo-por-inyeccion\/"},"author":{"name":"daniela","@id":"https:\/\/expoplasticos.mx\/2026\/#\/schema\/person\/c14a8de37d62fa837c48472178d1c081"},"headline":"Wittmann reorganiza su direcci\u00f3n para reforzar su estrategia de soluciones integradas en moldeo por inyecci\u00f3n","datePublished":"2026-04-20T16:20:47+00:00","dateModified":"2026-04-30T16:24:24+00:00","mainEntityOfPage":{"@id":"https:\/\/expoplasticos.mx\/2026\/wittmann-reorganiza-su-direccion-para-reforzar-su-estrategia-de-soluciones-integradas-en-moldeo-por-inyeccion\/"},"wordCount":685,"publisher":{"@id":"https:\/\/expoplasticos.mx\/2026\/#organization"},"image":{"@id":"https:\/\/expoplasticos.mx\/2026\/wittmann-reorganiza-su-direccion-para-reforzar-su-estrategia-de-soluciones-integradas-en-moldeo-por-inyeccion\/#primaryimage"},"thumbnailUrl":"https:\/\/expoplasticos.mx\/2026\/wp-content\/uploads\/2026\/04\/Blog_20Abril2026.webp","articleSection":["NOTICIAS"],"inLanguage":"es"},{"@type":"WebPage","@id":"https:\/\/expoplasticos.mx\/2026\/wittmann-reorganiza-su-direccion-para-reforzar-su-estrategia-de-soluciones-integradas-en-moldeo-por-inyeccion\/","url":"https:\/\/expoplasticos.mx\/2026\/wittmann-reorganiza-su-direccion-para-reforzar-su-estrategia-de-soluciones-integradas-en-moldeo-por-inyeccion\/","name":"Wittmann reorganiza su direcci\u00f3n para reforzar su estrategia de soluciones integradas en moldeo por inyecci\u00f3n - Expo Pl\u00e1sticos 2027","isPartOf":{"@id":"https:\/\/expoplasticos.mx\/2026\/#website"},"primaryImageOfPage":{"@id":"https:\/\/expoplasticos.mx\/2026\/wittmann-reorganiza-su-direccion-para-reforzar-su-estrategia-de-soluciones-integradas-en-moldeo-por-inyeccion\/#primaryimage"},"image":{"@id":"https:\/\/expoplasticos.mx\/2026\/wittmann-reorganiza-su-direccion-para-reforzar-su-estrategia-de-soluciones-integradas-en-moldeo-por-inyeccion\/#primaryimage"},"thumbnailUrl":"https:\/\/expoplasticos.mx\/2026\/wp-content\/uploads\/2026\/04\/Blog_20Abril2026.webp","datePublished":"2026-04-20T16:20:47+00:00","dateModified":"2026-04-30T16:24:24+00:00","description":"El Grupo Wittmann reorganiz\u00f3 su direcci\u00f3n para integrar bajo una doble conducci\u00f3n sus divisiones de moldeo por inyecci\u00f3n, automatizaci\u00f3n y equipos auxiliares, reforzando su estrategia global de soluciones integradas para la industria del pl\u00e1stico.","breadcrumb":{"@id":"https:\/\/expoplasticos.mx\/2026\/wittmann-reorganiza-su-direccion-para-reforzar-su-estrategia-de-soluciones-integradas-en-moldeo-por-inyeccion\/#breadcrumb"},"inLanguage":"es","potentialAction":[{"@type":"ReadAction","target":["https:\/\/expoplasticos.mx\/2026\/wittmann-reorganiza-su-direccion-para-reforzar-su-estrategia-de-soluciones-integradas-en-moldeo-por-inyeccion\/"]}]},{"@type":"ImageObject","inLanguage":"es","@id":"https:\/\/expoplasticos.mx\/2026\/wittmann-reorganiza-su-direccion-para-reforzar-su-estrategia-de-soluciones-integradas-en-moldeo-por-inyeccion\/#primaryimage","url":"https:\/\/expoplasticos.mx\/2026\/wp-content\/uploads\/2026\/04\/Blog_20Abril2026.webp","contentUrl":"https:\/\/expoplasticos.mx\/2026\/wp-content\/uploads\/2026\/04\/Blog_20Abril2026.webp","width":1200,"height":500},{"@type":"BreadcrumbList","@id":"https:\/\/expoplasticos.mx\/2026\/wittmann-reorganiza-su-direccion-para-reforzar-su-estrategia-de-soluciones-integradas-en-moldeo-por-inyeccion\/#breadcrumb","itemListElement":[{"@type":"ListItem","position":1,"name":"Inicio","item":"https:\/\/expoplasticos.mx\/2026\/"},{"@type":"ListItem","position":2,"name":"NOTICIAS","item":"https:\/\/expoplasticos.mx\/2026\/category\/noticias\/"},{"@type":"ListItem","position":3,"name":"Wittmann reorganiza su direcci\u00f3n para reforzar su estrategia de soluciones integradas en moldeo por inyecci\u00f3n"}]},{"@type":"WebSite","@id":"https:\/\/expoplasticos.mx\/2026\/#website","url":"https:\/\/expoplasticos.mx\/2026\/","name":"Expo Pl\u00e1sticos 2026","description":"El punto de encuentro para la transformaci\u00f3n de la industria del pl\u00e1stico","publisher":{"@id":"https:\/\/expoplasticos.mx\/2026\/#organization"},"potentialAction":[{"@type":"SearchAction","target":{"@type":"EntryPoint","urlTemplate":"https:\/\/expoplasticos.mx\/2026\/?s={search_term_string}"},"query-input":{"@type":"PropertyValueSpecification","valueRequired":true,"valueName":"search_term_string"}}],"inLanguage":"es"},{"@type":"Organization","@id":"https:\/\/expoplasticos.mx\/2026\/#organization","name":"Expo Pl\u00e1sticos 2026","url":"https:\/\/expoplasticos.mx\/2026\/","logo":{"@type":"ImageObject","inLanguage":"es","@id":"https:\/\/expoplasticos.mx\/2026\/#\/schema\/logo\/image\/","url":"https:\/\/expoplasticos.mx\/2026\/wp-content\/uploads\/2025\/10\/EP26_LogYoast.webp","contentUrl":"https:\/\/expoplasticos.mx\/2026\/wp-content\/uploads\/2025\/10\/EP26_LogYoast.webp","width":875,"height":286,"caption":"Expo Pl\u00e1sticos 2026"},"image":{"@id":"https:\/\/expoplasticos.mx\/2026\/#\/schema\/logo\/image\/"},"sameAs":["http:\/\/www.facebook.com\/ExpoPlasticos","https:\/\/x.com\/expoplasticos","http:\/\/www.instagram.com\/ExpoPlasticos","https:\/\/www.linkedin.com\/company\/expoplasticos\/posts\/?feedView=all","https:\/\/www.youtube.com\/@ExpoPlasticos"]},{"@type":"Person","@id":"https:\/\/expoplasticos.mx\/2026\/#\/schema\/person\/c14a8de37d62fa837c48472178d1c081","name":"daniela","image":{"@type":"ImageObject","inLanguage":"es","@id":"https:\/\/expoplasticos.mx\/2026\/#\/schema\/person\/image\/","url":"https:\/\/secure.gravatar.com\/avatar\/6804e94c76f778ac07bce28b7595d8a0248a29d955fb308ffce6715e3d08c55f?s=96&d=mm&r=g","contentUrl":"https:\/\/secure.gravatar.com\/avatar\/6804e94c76f778ac07bce28b7595d8a0248a29d955fb308ffce6715e3d08c55f?s=96&d=mm&r=g","caption":"daniela"},"sameAs":["http:\/\/expoplasticos.mx\/2026"]}]}},"_links":{"self":[{"href":"https:\/\/expoplasticos.mx\/2026\/wp-json\/wp\/v2\/posts\/987499531","targetHints":{"allow":["GET"]}}],"collection":[{"href":"https:\/\/expoplasticos.mx\/2026\/wp-json\/wp\/v2\/posts"}],"about":[{"href":"https:\/\/expoplasticos.mx\/2026\/wp-json\/wp\/v2\/types\/post"}],"author":[{"embeddable":true,"href":"https:\/\/expoplasticos.mx\/2026\/wp-json\/wp\/v2\/users\/1"}],"replies":[{"embeddable":true,"href":"https:\/\/expoplasticos.mx\/2026\/wp-json\/wp\/v2\/comments?post=987499531"}],"version-history":[{"count":1,"href":"https:\/\/expoplasticos.mx\/2026\/wp-json\/wp\/v2\/posts\/987499531\/revisions"}],"predecessor-version":[{"id":987499533,"href":"https:\/\/expoplasticos.mx\/2026\/wp-json\/wp\/v2\/posts\/987499531\/revisions\/987499533"}],"wp:featuredmedia":[{"embeddable":true,"href":"https:\/\/expoplasticos.mx\/2026\/wp-json\/wp\/v2\/media\/987499532"}],"wp:attachment":[{"href":"https:\/\/expoplasticos.mx\/2026\/wp-json\/wp\/v2\/media?parent=987499531"}],"wp:term":[{"taxonomy":"category","embeddable":true,"href":"https:\/\/expoplasticos.mx\/2026\/wp-json\/wp\/v2\/categories?post=987499531"},{"taxonomy":"post_tag","embeddable":true,"href":"https:\/\/expoplasticos.mx\/2026\/wp-json\/wp\/v2\/tags?post=987499531"}],"curies":[{"name":"wp","href":"https:\/\/api.w.org\/{rel}","templated":true}]}}