{"id":987499525,"date":"2026-04-23T16:05:29","date_gmt":"2026-04-23T16:05:29","guid":{"rendered":"https:\/\/expoplasticos.mx\/2026\/?p=987499525"},"modified":"2026-04-30T16:10:30","modified_gmt":"2026-04-30T16:10:30","slug":"micro-y-nanoplasticos-entender-el-reto-para-transformar-la-industria","status":"publish","type":"post","link":"https:\/\/expoplasticos.mx\/2026\/micro-y-nanoplasticos-entender-el-reto-para-transformar-la-industria\/","title":{"rendered":"Micro y nanopl\u00e1sticos: entender el reto para transformar la industria"},"content":{"rendered":"\n<h3 class=\"wp-block-heading\">Micro y nanopl\u00e1sticos: qu\u00e9 son, c\u00f3mo se forman y por qu\u00e9 representan un reto para la Industria del Pl\u00e1stico. Conoce su impacto y las soluciones que la ciencia est\u00e1 desarrollando.<\/h3>\n\n\n\n<p><strong>La versatilidad del pl\u00e1stico impulsa industrias, pero su fragmentaci\u00f3n genera residuos invisibles. Innovaci\u00f3n, reciclaje y nuevos materiales ser\u00e1n clave para el futuro.<\/strong><\/p>\n\n\n\n<p>Los pl\u00e1sticos son imprescindibles en la sociedad moderna debido a su versatilidad, bajo costo y durabilidad. Se utilizan en todos los sectores esenciales: desde la industria alimentaria y el sector salud, hasta las industrias de la construcci\u00f3n, automotriz, aeroespacial, el\u00e9ctrica-electr\u00f3nica,\u2026 los pl\u00e1sticos son realmente los protagonistas en el quehacer cotidiano.<\/p>\n\n\n\n<p>La disponibilidad de los pl\u00e1sticos ha derivado en una producci\u00f3n exponencial (cerca de 400 millones de toneladas al a\u00f1o)<sup>1<\/sup>. Sin embargo, despu\u00e9s de que cumple con su funci\u00f3n, mucho de este material se descarta en vertederos, en las calles, o incluso en r\u00edos y mares<sup>2<\/sup>. Esto genera una gran cantidad de desechos pl\u00e1sticos, que no pueden eliminarse f\u00e1cilmente.<\/p>\n\n\n\n<p>La mayor\u00eda de las aplicaciones pl\u00e1sticas est\u00e1n dise\u00f1adas para tener una vida \u00fatil larga, lo que resulta en un aumento desproporcionado de <strong>residuos pl\u00e1sticos postconsumo<\/strong> en medios terrestres y acu\u00e1ticos. Esto representa un problema de dif\u00edcil soluci\u00f3n.<\/p>\n\n\n\n<h3 class=\"wp-block-heading\"><strong>La fragmentaci\u00f3n del pl\u00e1stico y el origen de los micropl\u00e1sticos<\/strong><\/h3>\n\n\n\n<p>Dado que los pl\u00e1sticos no se degradan f\u00e1cilmente, su exposici\u00f3n al medio ambiente como la luz UV, viento, hidrolisis parcial y la abrasi\u00f3n mec\u00e1nica produce en ellos una fragmentaci\u00f3n. Esto reduce paulatinamente su tama\u00f1o hasta alcanzar dimensiones de alrededor de 5 mm<sup>3<\/sup>. Estos fragmentos se conocen como<strong> micropl\u00e1sticos<\/strong>.<\/p>\n\n\n\n<p>Los micropl\u00e1sticos son tan peque\u00f1os que pueden confundirse f\u00e1cilmente en el medio ambiente. Estudios recientes apuntan que estos residuos se encuentran contaminando diversas fuentes. Por ello se han convertido en un problema que requiere alternativas de soluci\u00f3n.<\/p>\n\n\n\n<h3 class=\"wp-block-heading\"><strong>De micro a nano: c\u00f3mo evoluciona la contaminaci\u00f3n pl\u00e1stica<\/strong><\/h3>\n\n\n\n<p>Se ha demostrado que la fragmentaci\u00f3n de los pl\u00e1sticos no se detiene a nivel de micropl\u00e1sticos, sino que alcanza niveles nanom\u00e9tricos (menos de un micr\u00f3metro)<sup>4<\/sup>.<\/p>\n\n\n\n<figure class=\"wp-block-image alignwide size-large\"><img decoding=\"async\" src=\"https:\/\/ambienteplastico.com\/wp-content\/uploads\/2026\/04\/foto_microplasticos_3_210426-600x338.jpg\" alt=\"\"\/><\/figure>\n\n\n\n<p>Esto agrava a\u00fan m\u00e1s el problema sanitario de los desechos pl\u00e1sticos. Su tama\u00f1o, que se confunden con part\u00edculas naturales, minerales o biol\u00f3gicas, los hace pr\u00e1cticamente invisibles e indetectables incluso con instrumentos cient\u00edficos avanzados.<\/p>\n\n\n\n<h3 class=\"wp-block-heading\"><strong>\u00bfC\u00f3mo se detectan los nanopl\u00e1sticos? Ciencia al l\u00edmite<\/strong><\/h3>\n\n\n\n<p>Las t\u00e9cnicas de an\u00e1lisis empleadas hoy en d\u00eda para determinar la presencia de nanopl\u00e1sticos involucran:<\/p>\n\n\n\n<ul class=\"wp-block-list\">\n<li>la microscop\u00eda electr\u00f3nica de barrido (SEM por sus siglas en ingl\u00e9s),<\/li>\n\n\n\n<li>espectroscop\u00edas Raman y de Infrarrojo por Transformadas de Fourier (FTIR), y<\/li>\n\n\n\n<li>la cromatograf\u00eda acoplada a espectrometr\u00eda de masas<sup>5<\/sup>.<\/li>\n<\/ul>\n\n\n\n<p>Recientemente se ha desarrollado una t\u00e9cnica especializada en detecci\u00f3n de <strong>nanopart\u00edculas<\/strong> denominada \u201cAn\u00e1lisis de seguimiento de nanopart\u00edculas\u201d, que se utiliza para visualizar y caracterizar nanopart\u00edculas en suspensi\u00f3n, permitiendo detectar tanto su concentraci\u00f3n como su distribuci\u00f3n y tama\u00f1o<sup>6<\/sup>.<\/p>\n\n\n\n<p>La t\u00e9cnica consiste en hacer pasar un haz de l\u00e1ser a trav\u00e9s de una c\u00e1mara de muestra que contiene las nanopart\u00edculas en un l\u00edquido. Las part\u00edculas dispersan la luz del l\u00e1ser, lo que se registra mediante un microscopio equipado con una c\u00e1mara de video de alta velocidad. Las part\u00edculas se ven como peque\u00f1os puntos brillantes movi\u00e9ndose sobre un fondo oscuro.<\/p>\n\n\n\n<h3 class=\"wp-block-heading\"><strong>M\u00e9todos para la eliminaci\u00f3n de nanopl\u00e1sticos<\/strong><\/h3>\n\n\n\n<p>Obviamente el desaf\u00edo para eliminar los nanopl\u00e1sticos es mucho mayor que el ya de por s\u00ed complicado proceso para eliminar los micropl\u00e1sticos. A la fecha no se cuenta con un m\u00e9todo universal para eliminar nanopl\u00e1sticos. Sin embargo, existen m\u00e9todos promisorios que a\u00fan est\u00e1n en etapas experimentales:<\/p>\n\n\n\n<ol class=\"wp-block-list\">\n<li><strong>Tecnolog\u00edas de filtraci\u00f3n avanzada<\/strong>. Membranas de nanofiltraci\u00f3n, \u00f3smosis inversa y filtros cer\u00e1micos pueden capturar part\u00edculas extremadamente peque\u00f1as<sup>7,8<\/sup>.<\/li>\n\n\n\n<li><strong>Nanomateriales que atrapan o degradan pl\u00e1sticos<\/strong> como materiales basados en grafeno, \u00f3xidos met\u00e1licos o bio-carbon (biochar), los cuales pueden adsorber nanopl\u00e1sticos<sup>9,10<\/sup>.<\/li>\n\n\n\n<li><strong>Biorremediaci\u00f3n mediante ciertas bacterias y enzimas<\/strong> pueden degradar pol\u00edmeros espec\u00edficos, aunque a\u00fan no existe una soluci\u00f3n universal<sup>11<\/sup>. En ciertos casos se ha descubierto que algunos tipos de insectos pueden degradar micropl\u00e1sticos derivados del Poliestireno (PS), Polietileno (PE) y Policloruro de Vinilo (PVC)<sup>12<\/sup>.<\/li>\n<\/ol>\n\n\n\n<figure class=\"wp-block-image alignwide size-large\"><img decoding=\"async\" src=\"https:\/\/ambienteplastico.com\/wp-content\/uploads\/2026\/04\/foto_microplasticos_2_210426-600x338.jpg\" alt=\"\"\/><\/figure>\n\n\n\n<p>En este contexto de los nanopl\u00e1sticos, se plantea una respuesta m\u00e1s a futuro. La soluci\u00f3n m\u00e1s profunda no est\u00e1 en limpiar, sino en prevenir.<\/p>\n\n\n\n<p>Considerando que ser\u00eda muy improbable eliminar el uso de pl\u00e1sticos, un recurso m\u00e1s promisorio ser\u00eda el uso de pl\u00e1sticos que se degraden despu\u00e9s de su uso<sup>13<\/sup>:<\/p>\n\n\n\n<p><strong>a) El uso de pol\u00edmeros despolimerizables<\/strong><\/p>\n\n\n\n<p>Tambi\u00e9n llamados<strong> pol\u00edmeros din\u00e1micos<\/strong> o pol\u00edmeros programables. Incorporan enlaces o estructuras qu\u00edmicas que pueden romperse o reorganizarse bajo ciertas condiciones externas.<\/p>\n\n\n\n<p>A diferencia de los pol\u00edmeros convencionales, que son estables y dif\u00edciles de degradar, \u00e9stos est\u00e1n dise\u00f1ados para descomponerse en sus mon\u00f3meros o fragmentos \u00fatiles, lo que facilita el reciclaje qu\u00edmico y evita la acumulaci\u00f3n de <strong>micropl\u00e1sticos persistentes.<\/strong> Contienen en su estructura enlaces fotolabiles (se rompen al absorber luz), enlaces t\u00e9rmicamente reversibles, enlaces y\/o hidrolizables (esteres o amida).<\/p>\n\n\n\n<p><strong>b) Materiales fotodegradables controladamente<\/strong><\/p>\n\n\n\n<p>Estos pol\u00edmeros incorporan grupos funcionales fotol\u00e1biles o aditivos fotosensibles que permiten su degradaci\u00f3n cuando se exponen a luz solar o fuentes UV. A diferencia de la fotodegradaci\u00f3n espont\u00e1nea, estos materiales est\u00e1n dise\u00f1ados para activarse bajo condiciones espec\u00edficas, lo que permite controlar el tiempo y lugar de su descomposici\u00f3n.<\/p>\n\n\n\n<p><strong>c) Pl\u00e1sticos solubles o compostables<\/strong><\/p>\n\n\n\n<p>Los pl\u00e1sticos solubles son materiales que se disuelven en agua (fr\u00eda o caliente, seg\u00fan su formulaci\u00f3n), mientras que los pl\u00e1sticos compostables son materiales que se degradan en condiciones de compostaje, convirti\u00e9ndose en CO\u2082, agua y biomasa, sin dejar micropl\u00e1sticos.<\/p>\n\n\n\n<p>Algunos ejemplos de pl\u00e1sticos solubles son el Alcohol Polivin\u00edlico (PVOH), pol\u00edmeros derivados del almid\u00f3n, y la carbometilcelulosa (CMC).<\/p>\n\n\n\n<p>El <strong>\u00c1cido Polil\u00e1ctico<\/strong> (PLA), los polihidroxialcanoatos (PHA), el Elast\u00f3mero Termopl\u00e1stico Estir\u00e9nico (TPS), son ejemplos de pl\u00e1sticos que pueden degradarse mediante hidr\u00f3lisis y posteriormente asimilados por microorganismos.<\/p>\n\n\n\n<p><strong>d) Resinas dise\u00f1adas para reciclarse molecularmente<\/strong><\/p>\n\n\n\n<p>Se trata de resinas capaces de despolimerizarse de manera controlada para volver a sus mon\u00f3meros originales, permitiendo un reciclaje qu\u00edmico verdaderamente circular, sin p\u00e9rdida de propiedades.<\/p>\n\n\n\n<p>Ejemplos de este tipo de resinas son los pol\u00edmeros con enlaces reversibles tipo <strong>Diels\u2013Alder<\/strong> como las furan\u2013maleimidas, redes termoestables reversibles como los vitr\u00edmeros que contienen enlaces din\u00e1micos que se intercambian sin perder integridad, asegurando su reprocesado, reparaci\u00f3n y reciclaje qu\u00edmico.<\/p>\n\n\n\n<h3 class=\"wp-block-heading\"><strong>Innovar frente a lo invisible: el futuro ante los nanopl\u00e1sticos<\/strong><\/h3>\n\n\n\n<p>Los nanopl\u00e1sticos podr\u00edan representar la amenaza m\u00e1s silenciosa y peligrosa de la contaminaci\u00f3n pl\u00e1stica. Sin embargo, entender su origen, sus efectos y las tecnolog\u00edas emergentes para detectarlos y eliminarlos nos permite enfrentar el problema con conocimiento y esperanza.<\/p>\n\n\n\n<p>La soluci\u00f3n no ser\u00e1 simple ni inmediata, pero la ciencia ya est\u00e1 abriendo caminos. Y, como ocurre con todos los grandes desaf\u00edos ambientales, la clave estar\u00e1 en combinar innovaci\u00f3n, regulaci\u00f3n, educaci\u00f3n y un redise\u00f1o profundo de los materiales que usamos cada d\u00eda.<\/p>\n\n\n\n<p>Fuente: <a href=\"https:\/\/ambienteplastico.com\/nanoplasticos-contaminacion-plasticos-soluciones-reciclaje\/\" target=\"_blank\" rel=\"noreferrer noopener\">https:\/\/ambienteplastico.com\/<\/a><\/p>\n","protected":false},"excerpt":{"rendered":"<p>Micro y nanopl\u00e1sticos: qu\u00e9 son, c\u00f3mo se forman y por qu\u00e9 representan un reto para la Industria del Pl\u00e1stico. Conoce su impacto y las soluciones que la ciencia est\u00e1 desarrollando. La versatilidad del pl\u00e1stico impulsa industrias, pero su fragmentaci\u00f3n genera residuos invisibles. Innovaci\u00f3n, reciclaje y nuevos materiales ser\u00e1n clave para el futuro. Los pl\u00e1sticos son [&hellip;]<\/p>\n","protected":false},"author":1,"featured_media":987499526,"comment_status":"closed","ping_status":"closed","sticky":false,"template":"","format":"standard","meta":{"_et_pb_use_builder":"off","_et_pb_old_content":"","_et_gb_content_width":"1080","cybocfi_hide_featured_image":"","footnotes":""},"categories":[19],"tags":[],"class_list":["post-987499525","post","type-post","status-publish","format-standard","has-post-thumbnail","hentry","category-noticias"],"yoast_head":"<!-- This site is optimized with the Yoast SEO plugin v26.5 - https:\/\/yoast.com\/wordpress\/plugins\/seo\/ -->\n<title>Micro y nanopl\u00e1sticos: entender el reto para transformar la industria - Expo Pl\u00e1sticos 2027<\/title>\n<meta name=\"description\" content=\"Micro y nanopl\u00e1sticos: qu\u00e9 son, c\u00f3mo se forman y por qu\u00e9 representan un reto para la Industria del Pl\u00e1stico. Conoce su impacto y las soluciones que la ciencia est\u00e1 desarrollando.\" \/>\n<meta name=\"robots\" content=\"index, follow, max-snippet:-1, max-image-preview:large, max-video-preview:-1\" \/>\n<link rel=\"canonical\" href=\"https:\/\/expoplasticos.mx\/2026\/micro-y-nanoplasticos-entender-el-reto-para-transformar-la-industria\/\" \/>\n<meta property=\"og:locale\" content=\"es_ES\" \/>\n<meta property=\"og:type\" content=\"article\" \/>\n<meta property=\"og:title\" content=\"Micro y nanopl\u00e1sticos: entender el reto para transformar la industria\" \/>\n<meta property=\"og:description\" content=\"Micro y nanopl\u00e1sticos: qu\u00e9 son, c\u00f3mo se forman y por qu\u00e9 representan un reto para la Industria del Pl\u00e1stico. Conoce su impacto y las soluciones que la ciencia est\u00e1 desarrollando.\" \/>\n<meta property=\"og:url\" content=\"https:\/\/expoplasticos.mx\/2026\/micro-y-nanoplasticos-entender-el-reto-para-transformar-la-industria\/\" \/>\n<meta property=\"og:site_name\" content=\"Expo Pl\u00e1sticos 2027\" \/>\n<meta property=\"article:publisher\" content=\"http:\/\/www.facebook.com\/ExpoPlasticos\" \/>\n<meta property=\"article:published_time\" content=\"2026-04-23T16:05:29+00:00\" \/>\n<meta property=\"article:modified_time\" content=\"2026-04-30T16:10:30+00:00\" \/>\n<meta property=\"og:image\" content=\"https:\/\/expoplasticos.mx\/2026\/wp-content\/uploads\/2026\/04\/Blog_23Abril2026.webp\" \/>\n\t<meta property=\"og:image:width\" content=\"1200\" \/>\n\t<meta property=\"og:image:height\" content=\"500\" \/>\n\t<meta property=\"og:image:type\" content=\"image\/webp\" \/>\n<meta name=\"author\" content=\"daniela\" \/>\n<meta name=\"twitter:card\" content=\"summary_large_image\" \/>\n<meta name=\"twitter:title\" content=\"Micro y nanopl\u00e1sticos: entender el reto para transformar la industria\" \/>\n<meta name=\"twitter:description\" content=\"Micro y nanopl\u00e1sticos: qu\u00e9 son, c\u00f3mo se forman y por qu\u00e9 representan un reto para la Industria del Pl\u00e1stico. Conoce su impacto y las soluciones que la ciencia est\u00e1 desarrollando.\" \/>\n<meta name=\"twitter:image\" content=\"https:\/\/expoplasticos.mx\/2026\/wp-content\/uploads\/2026\/04\/Blog_23Abril2026.webp\" \/>\n<meta name=\"twitter:creator\" content=\"@expoplasticos\" \/>\n<meta name=\"twitter:site\" content=\"@expoplasticos\" \/>\n<meta name=\"twitter:label1\" content=\"Escrito por\" \/>\n\t<meta name=\"twitter:data1\" content=\"daniela\" \/>\n\t<meta name=\"twitter:label2\" content=\"Tiempo de lectura\" \/>\n\t<meta name=\"twitter:data2\" content=\"6 minutos\" \/>\n<script type=\"application\/ld+json\" class=\"yoast-schema-graph\">{\"@context\":\"https:\/\/schema.org\",\"@graph\":[{\"@type\":\"Article\",\"@id\":\"https:\/\/expoplasticos.mx\/2026\/micro-y-nanoplasticos-entender-el-reto-para-transformar-la-industria\/#article\",\"isPartOf\":{\"@id\":\"https:\/\/expoplasticos.mx\/2026\/micro-y-nanoplasticos-entender-el-reto-para-transformar-la-industria\/\"},\"author\":{\"name\":\"daniela\",\"@id\":\"https:\/\/expoplasticos.mx\/2026\/#\/schema\/person\/c14a8de37d62fa837c48472178d1c081\"},\"headline\":\"Micro y nanopl\u00e1sticos: entender el reto para transformar la industria\",\"datePublished\":\"2026-04-23T16:05:29+00:00\",\"dateModified\":\"2026-04-30T16:10:30+00:00\",\"mainEntityOfPage\":{\"@id\":\"https:\/\/expoplasticos.mx\/2026\/micro-y-nanoplasticos-entender-el-reto-para-transformar-la-industria\/\"},\"wordCount\":1287,\"publisher\":{\"@id\":\"https:\/\/expoplasticos.mx\/2026\/#organization\"},\"image\":{\"@id\":\"https:\/\/expoplasticos.mx\/2026\/micro-y-nanoplasticos-entender-el-reto-para-transformar-la-industria\/#primaryimage\"},\"thumbnailUrl\":\"https:\/\/expoplasticos.mx\/2026\/wp-content\/uploads\/2026\/04\/Blog_23Abril2026.webp\",\"articleSection\":[\"NOTICIAS\"],\"inLanguage\":\"es\"},{\"@type\":\"WebPage\",\"@id\":\"https:\/\/expoplasticos.mx\/2026\/micro-y-nanoplasticos-entender-el-reto-para-transformar-la-industria\/\",\"url\":\"https:\/\/expoplasticos.mx\/2026\/micro-y-nanoplasticos-entender-el-reto-para-transformar-la-industria\/\",\"name\":\"Micro y nanopl\u00e1sticos: entender el reto para transformar la industria - Expo Pl\u00e1sticos 2027\",\"isPartOf\":{\"@id\":\"https:\/\/expoplasticos.mx\/2026\/#website\"},\"primaryImageOfPage\":{\"@id\":\"https:\/\/expoplasticos.mx\/2026\/micro-y-nanoplasticos-entender-el-reto-para-transformar-la-industria\/#primaryimage\"},\"image\":{\"@id\":\"https:\/\/expoplasticos.mx\/2026\/micro-y-nanoplasticos-entender-el-reto-para-transformar-la-industria\/#primaryimage\"},\"thumbnailUrl\":\"https:\/\/expoplasticos.mx\/2026\/wp-content\/uploads\/2026\/04\/Blog_23Abril2026.webp\",\"datePublished\":\"2026-04-23T16:05:29+00:00\",\"dateModified\":\"2026-04-30T16:10:30+00:00\",\"description\":\"Micro y nanopl\u00e1sticos: qu\u00e9 son, c\u00f3mo se forman y por qu\u00e9 representan un reto para la Industria del Pl\u00e1stico. Conoce su impacto y las soluciones que la ciencia est\u00e1 desarrollando.\",\"breadcrumb\":{\"@id\":\"https:\/\/expoplasticos.mx\/2026\/micro-y-nanoplasticos-entender-el-reto-para-transformar-la-industria\/#breadcrumb\"},\"inLanguage\":\"es\",\"potentialAction\":[{\"@type\":\"ReadAction\",\"target\":[\"https:\/\/expoplasticos.mx\/2026\/micro-y-nanoplasticos-entender-el-reto-para-transformar-la-industria\/\"]}]},{\"@type\":\"ImageObject\",\"inLanguage\":\"es\",\"@id\":\"https:\/\/expoplasticos.mx\/2026\/micro-y-nanoplasticos-entender-el-reto-para-transformar-la-industria\/#primaryimage\",\"url\":\"https:\/\/expoplasticos.mx\/2026\/wp-content\/uploads\/2026\/04\/Blog_23Abril2026.webp\",\"contentUrl\":\"https:\/\/expoplasticos.mx\/2026\/wp-content\/uploads\/2026\/04\/Blog_23Abril2026.webp\",\"width\":1200,\"height\":500},{\"@type\":\"BreadcrumbList\",\"@id\":\"https:\/\/expoplasticos.mx\/2026\/micro-y-nanoplasticos-entender-el-reto-para-transformar-la-industria\/#breadcrumb\",\"itemListElement\":[{\"@type\":\"ListItem\",\"position\":1,\"name\":\"Inicio\",\"item\":\"https:\/\/expoplasticos.mx\/2026\/\"},{\"@type\":\"ListItem\",\"position\":2,\"name\":\"NOTICIAS\",\"item\":\"https:\/\/expoplasticos.mx\/2026\/category\/noticias\/\"},{\"@type\":\"ListItem\",\"position\":3,\"name\":\"Micro y nanopl\u00e1sticos: entender el reto para transformar la industria\"}]},{\"@type\":\"WebSite\",\"@id\":\"https:\/\/expoplasticos.mx\/2026\/#website\",\"url\":\"https:\/\/expoplasticos.mx\/2026\/\",\"name\":\"Expo Pl\u00e1sticos 2026\",\"description\":\"El punto de encuentro para la transformaci\u00f3n de la industria del pl\u00e1stico\",\"publisher\":{\"@id\":\"https:\/\/expoplasticos.mx\/2026\/#organization\"},\"potentialAction\":[{\"@type\":\"SearchAction\",\"target\":{\"@type\":\"EntryPoint\",\"urlTemplate\":\"https:\/\/expoplasticos.mx\/2026\/?s={search_term_string}\"},\"query-input\":{\"@type\":\"PropertyValueSpecification\",\"valueRequired\":true,\"valueName\":\"search_term_string\"}}],\"inLanguage\":\"es\"},{\"@type\":\"Organization\",\"@id\":\"https:\/\/expoplasticos.mx\/2026\/#organization\",\"name\":\"Expo Pl\u00e1sticos 2026\",\"url\":\"https:\/\/expoplasticos.mx\/2026\/\",\"logo\":{\"@type\":\"ImageObject\",\"inLanguage\":\"es\",\"@id\":\"https:\/\/expoplasticos.mx\/2026\/#\/schema\/logo\/image\/\",\"url\":\"https:\/\/expoplasticos.mx\/2026\/wp-content\/uploads\/2025\/10\/EP26_LogYoast.webp\",\"contentUrl\":\"https:\/\/expoplasticos.mx\/2026\/wp-content\/uploads\/2025\/10\/EP26_LogYoast.webp\",\"width\":875,\"height\":286,\"caption\":\"Expo Pl\u00e1sticos 2026\"},\"image\":{\"@id\":\"https:\/\/expoplasticos.mx\/2026\/#\/schema\/logo\/image\/\"},\"sameAs\":[\"http:\/\/www.facebook.com\/ExpoPlasticos\",\"https:\/\/x.com\/expoplasticos\",\"http:\/\/www.instagram.com\/ExpoPlasticos\",\"https:\/\/www.linkedin.com\/company\/expoplasticos\/posts\/?feedView=all\",\"https:\/\/www.youtube.com\/@ExpoPlasticos\"]},{\"@type\":\"Person\",\"@id\":\"https:\/\/expoplasticos.mx\/2026\/#\/schema\/person\/c14a8de37d62fa837c48472178d1c081\",\"name\":\"daniela\",\"image\":{\"@type\":\"ImageObject\",\"inLanguage\":\"es\",\"@id\":\"https:\/\/expoplasticos.mx\/2026\/#\/schema\/person\/image\/\",\"url\":\"https:\/\/secure.gravatar.com\/avatar\/6804e94c76f778ac07bce28b7595d8a0248a29d955fb308ffce6715e3d08c55f?s=96&d=mm&r=g\",\"contentUrl\":\"https:\/\/secure.gravatar.com\/avatar\/6804e94c76f778ac07bce28b7595d8a0248a29d955fb308ffce6715e3d08c55f?s=96&d=mm&r=g\",\"caption\":\"daniela\"},\"sameAs\":[\"http:\/\/expoplasticos.mx\/2026\"]}]}<\/script>\n<!-- \/ Yoast SEO plugin. -->","yoast_head_json":{"title":"Micro y nanopl\u00e1sticos: entender el reto para transformar la industria - Expo Pl\u00e1sticos 2027","description":"Micro y nanopl\u00e1sticos: qu\u00e9 son, c\u00f3mo se forman y por qu\u00e9 representan un reto para la Industria del Pl\u00e1stico. Conoce su impacto y las soluciones que la ciencia est\u00e1 desarrollando.","robots":{"index":"index","follow":"follow","max-snippet":"max-snippet:-1","max-image-preview":"max-image-preview:large","max-video-preview":"max-video-preview:-1"},"canonical":"https:\/\/expoplasticos.mx\/2026\/micro-y-nanoplasticos-entender-el-reto-para-transformar-la-industria\/","og_locale":"es_ES","og_type":"article","og_title":"Micro y nanopl\u00e1sticos: entender el reto para transformar la industria","og_description":"Micro y nanopl\u00e1sticos: qu\u00e9 son, c\u00f3mo se forman y por qu\u00e9 representan un reto para la Industria del Pl\u00e1stico. Conoce su impacto y las soluciones que la ciencia est\u00e1 desarrollando.","og_url":"https:\/\/expoplasticos.mx\/2026\/micro-y-nanoplasticos-entender-el-reto-para-transformar-la-industria\/","og_site_name":"Expo Pl\u00e1sticos 2027","article_publisher":"http:\/\/www.facebook.com\/ExpoPlasticos","article_published_time":"2026-04-23T16:05:29+00:00","article_modified_time":"2026-04-30T16:10:30+00:00","og_image":[{"width":1200,"height":500,"url":"https:\/\/expoplasticos.mx\/2026\/wp-content\/uploads\/2026\/04\/Blog_23Abril2026.webp","type":"image\/webp"}],"author":"daniela","twitter_card":"summary_large_image","twitter_title":"Micro y nanopl\u00e1sticos: entender el reto para transformar la industria","twitter_description":"Micro y nanopl\u00e1sticos: qu\u00e9 son, c\u00f3mo se forman y por qu\u00e9 representan un reto para la Industria del Pl\u00e1stico. Conoce su impacto y las soluciones que la ciencia est\u00e1 desarrollando.","twitter_image":"https:\/\/expoplasticos.mx\/2026\/wp-content\/uploads\/2026\/04\/Blog_23Abril2026.webp","twitter_creator":"@expoplasticos","twitter_site":"@expoplasticos","twitter_misc":{"Escrito por":"daniela","Tiempo de lectura":"6 minutos"},"schema":{"@context":"https:\/\/schema.org","@graph":[{"@type":"Article","@id":"https:\/\/expoplasticos.mx\/2026\/micro-y-nanoplasticos-entender-el-reto-para-transformar-la-industria\/#article","isPartOf":{"@id":"https:\/\/expoplasticos.mx\/2026\/micro-y-nanoplasticos-entender-el-reto-para-transformar-la-industria\/"},"author":{"name":"daniela","@id":"https:\/\/expoplasticos.mx\/2026\/#\/schema\/person\/c14a8de37d62fa837c48472178d1c081"},"headline":"Micro y nanopl\u00e1sticos: entender el reto para transformar la industria","datePublished":"2026-04-23T16:05:29+00:00","dateModified":"2026-04-30T16:10:30+00:00","mainEntityOfPage":{"@id":"https:\/\/expoplasticos.mx\/2026\/micro-y-nanoplasticos-entender-el-reto-para-transformar-la-industria\/"},"wordCount":1287,"publisher":{"@id":"https:\/\/expoplasticos.mx\/2026\/#organization"},"image":{"@id":"https:\/\/expoplasticos.mx\/2026\/micro-y-nanoplasticos-entender-el-reto-para-transformar-la-industria\/#primaryimage"},"thumbnailUrl":"https:\/\/expoplasticos.mx\/2026\/wp-content\/uploads\/2026\/04\/Blog_23Abril2026.webp","articleSection":["NOTICIAS"],"inLanguage":"es"},{"@type":"WebPage","@id":"https:\/\/expoplasticos.mx\/2026\/micro-y-nanoplasticos-entender-el-reto-para-transformar-la-industria\/","url":"https:\/\/expoplasticos.mx\/2026\/micro-y-nanoplasticos-entender-el-reto-para-transformar-la-industria\/","name":"Micro y nanopl\u00e1sticos: entender el reto para transformar la industria - Expo Pl\u00e1sticos 2027","isPartOf":{"@id":"https:\/\/expoplasticos.mx\/2026\/#website"},"primaryImageOfPage":{"@id":"https:\/\/expoplasticos.mx\/2026\/micro-y-nanoplasticos-entender-el-reto-para-transformar-la-industria\/#primaryimage"},"image":{"@id":"https:\/\/expoplasticos.mx\/2026\/micro-y-nanoplasticos-entender-el-reto-para-transformar-la-industria\/#primaryimage"},"thumbnailUrl":"https:\/\/expoplasticos.mx\/2026\/wp-content\/uploads\/2026\/04\/Blog_23Abril2026.webp","datePublished":"2026-04-23T16:05:29+00:00","dateModified":"2026-04-30T16:10:30+00:00","description":"Micro y nanopl\u00e1sticos: qu\u00e9 son, c\u00f3mo se forman y por qu\u00e9 representan un reto para la Industria del Pl\u00e1stico. Conoce su impacto y las soluciones que la ciencia est\u00e1 desarrollando.","breadcrumb":{"@id":"https:\/\/expoplasticos.mx\/2026\/micro-y-nanoplasticos-entender-el-reto-para-transformar-la-industria\/#breadcrumb"},"inLanguage":"es","potentialAction":[{"@type":"ReadAction","target":["https:\/\/expoplasticos.mx\/2026\/micro-y-nanoplasticos-entender-el-reto-para-transformar-la-industria\/"]}]},{"@type":"ImageObject","inLanguage":"es","@id":"https:\/\/expoplasticos.mx\/2026\/micro-y-nanoplasticos-entender-el-reto-para-transformar-la-industria\/#primaryimage","url":"https:\/\/expoplasticos.mx\/2026\/wp-content\/uploads\/2026\/04\/Blog_23Abril2026.webp","contentUrl":"https:\/\/expoplasticos.mx\/2026\/wp-content\/uploads\/2026\/04\/Blog_23Abril2026.webp","width":1200,"height":500},{"@type":"BreadcrumbList","@id":"https:\/\/expoplasticos.mx\/2026\/micro-y-nanoplasticos-entender-el-reto-para-transformar-la-industria\/#breadcrumb","itemListElement":[{"@type":"ListItem","position":1,"name":"Inicio","item":"https:\/\/expoplasticos.mx\/2026\/"},{"@type":"ListItem","position":2,"name":"NOTICIAS","item":"https:\/\/expoplasticos.mx\/2026\/category\/noticias\/"},{"@type":"ListItem","position":3,"name":"Micro y nanopl\u00e1sticos: entender el reto para transformar la industria"}]},{"@type":"WebSite","@id":"https:\/\/expoplasticos.mx\/2026\/#website","url":"https:\/\/expoplasticos.mx\/2026\/","name":"Expo Pl\u00e1sticos 2026","description":"El punto de encuentro para la transformaci\u00f3n de la industria del pl\u00e1stico","publisher":{"@id":"https:\/\/expoplasticos.mx\/2026\/#organization"},"potentialAction":[{"@type":"SearchAction","target":{"@type":"EntryPoint","urlTemplate":"https:\/\/expoplasticos.mx\/2026\/?s={search_term_string}"},"query-input":{"@type":"PropertyValueSpecification","valueRequired":true,"valueName":"search_term_string"}}],"inLanguage":"es"},{"@type":"Organization","@id":"https:\/\/expoplasticos.mx\/2026\/#organization","name":"Expo Pl\u00e1sticos 2026","url":"https:\/\/expoplasticos.mx\/2026\/","logo":{"@type":"ImageObject","inLanguage":"es","@id":"https:\/\/expoplasticos.mx\/2026\/#\/schema\/logo\/image\/","url":"https:\/\/expoplasticos.mx\/2026\/wp-content\/uploads\/2025\/10\/EP26_LogYoast.webp","contentUrl":"https:\/\/expoplasticos.mx\/2026\/wp-content\/uploads\/2025\/10\/EP26_LogYoast.webp","width":875,"height":286,"caption":"Expo Pl\u00e1sticos 2026"},"image":{"@id":"https:\/\/expoplasticos.mx\/2026\/#\/schema\/logo\/image\/"},"sameAs":["http:\/\/www.facebook.com\/ExpoPlasticos","https:\/\/x.com\/expoplasticos","http:\/\/www.instagram.com\/ExpoPlasticos","https:\/\/www.linkedin.com\/company\/expoplasticos\/posts\/?feedView=all","https:\/\/www.youtube.com\/@ExpoPlasticos"]},{"@type":"Person","@id":"https:\/\/expoplasticos.mx\/2026\/#\/schema\/person\/c14a8de37d62fa837c48472178d1c081","name":"daniela","image":{"@type":"ImageObject","inLanguage":"es","@id":"https:\/\/expoplasticos.mx\/2026\/#\/schema\/person\/image\/","url":"https:\/\/secure.gravatar.com\/avatar\/6804e94c76f778ac07bce28b7595d8a0248a29d955fb308ffce6715e3d08c55f?s=96&d=mm&r=g","contentUrl":"https:\/\/secure.gravatar.com\/avatar\/6804e94c76f778ac07bce28b7595d8a0248a29d955fb308ffce6715e3d08c55f?s=96&d=mm&r=g","caption":"daniela"},"sameAs":["http:\/\/expoplasticos.mx\/2026"]}]}},"_links":{"self":[{"href":"https:\/\/expoplasticos.mx\/2026\/wp-json\/wp\/v2\/posts\/987499525","targetHints":{"allow":["GET"]}}],"collection":[{"href":"https:\/\/expoplasticos.mx\/2026\/wp-json\/wp\/v2\/posts"}],"about":[{"href":"https:\/\/expoplasticos.mx\/2026\/wp-json\/wp\/v2\/types\/post"}],"author":[{"embeddable":true,"href":"https:\/\/expoplasticos.mx\/2026\/wp-json\/wp\/v2\/users\/1"}],"replies":[{"embeddable":true,"href":"https:\/\/expoplasticos.mx\/2026\/wp-json\/wp\/v2\/comments?post=987499525"}],"version-history":[{"count":1,"href":"https:\/\/expoplasticos.mx\/2026\/wp-json\/wp\/v2\/posts\/987499525\/revisions"}],"predecessor-version":[{"id":987499527,"href":"https:\/\/expoplasticos.mx\/2026\/wp-json\/wp\/v2\/posts\/987499525\/revisions\/987499527"}],"wp:featuredmedia":[{"embeddable":true,"href":"https:\/\/expoplasticos.mx\/2026\/wp-json\/wp\/v2\/media\/987499526"}],"wp:attachment":[{"href":"https:\/\/expoplasticos.mx\/2026\/wp-json\/wp\/v2\/media?parent=987499525"}],"wp:term":[{"taxonomy":"category","embeddable":true,"href":"https:\/\/expoplasticos.mx\/2026\/wp-json\/wp\/v2\/categories?post=987499525"},{"taxonomy":"post_tag","embeddable":true,"href":"https:\/\/expoplasticos.mx\/2026\/wp-json\/wp\/v2\/tags?post=987499525"}],"curies":[{"name":"wp","href":"https:\/\/api.w.org\/{rel}","templated":true}]}}