{"id":987498101,"date":"2026-03-09T19:34:48","date_gmt":"2026-03-09T19:34:48","guid":{"rendered":"https:\/\/expoplasticos.mx\/2026\/?p=987498101"},"modified":"2026-03-12T19:37:12","modified_gmt":"2026-03-12T19:37:12","slug":"se-acerca-expo-plasticos-2026","status":"publish","type":"post","link":"https:\/\/expoplasticos.mx\/2026\/se-acerca-expo-plasticos-2026\/","title":{"rendered":"Se acerca Expo Pl\u00e1sticos 2026"},"content":{"rendered":"\n<h3 class=\"wp-block-heading\">Presentar\u00e1n innovaci\u00f3n para un modelo sostenible de la industria.<\/h3>\n\n\n\n<p>La industria del pl\u00e1stico se encuentra en un punto de inflexi\u00f3n, donde la innovaci\u00f3n no es solo un motor de crecimiento, sino un imperativo para la sostenibilidad y la responsabilidad ambiental. En este contexto crucial, Expo Pl\u00e1sticos 2026 se prepara para abrir sus puertas, consolid\u00e1ndose como el foro de negocios de mayor relevancia para el sector con una edici\u00f3n que promete marcar un antes y un despu\u00e9s en el futuro de la manufactura pl\u00e1stica.<\/p>\n\n\n\n<p>Del 24 al 26 de marzo, el recinto de Expo Guadalajara, ser\u00e1 el epicentro de la tecnolog\u00eda y las soluciones m\u00e1s avanzadas, reuniendo a m\u00e1s de 14,000 fabricantes, proveedores y empresas transformadoras en un espacio dise\u00f1ado para el networking y la concreci\u00f3n de negocios de alto valor. Adem\u00e1s, el enfoque estar\u00e1 en presentar m\u00e1s de mil marcas que revolucionan la fabricaci\u00f3n de aplicaciones pl\u00e1sticas en el mundo.<\/p>\n\n\n\n<p>La 18\u00aa edici\u00f3n pondr\u00e1 un \u00e9nfasis particular en c\u00f3mo la innovaci\u00f3n tecnol\u00f3gica es la clave para la transici\u00f3n hacia un modelo sostenible y de econom\u00eda circular. La agenda de la exposici\u00f3n y de las conferencias t\u00e9cnicas estar\u00e1 enfocada en presentar soluciones que aborden los desaf\u00edos ambientales de la industria.<\/p>\n\n\n\n<p>Asimismo, la expo reafirma su posici\u00f3n como el escaparate por excelencia para lo m\u00e1s reciente en maquinaria y tecnolog\u00eda de transformaci\u00f3n. El piso de exhibici\u00f3n de 21,000 metros cuadrados mostrar\u00e1 m\u00e1s de 650 toneladas de equipos en operaci\u00f3n que est\u00e1n a la vanguardia mundial, dise\u00f1ados para mejorar dr\u00e1sticamente la productividad, optimizar procesos y maximizar la rentabilidad de las empresas.<\/p>\n\n\n\n<p>Expo Pl\u00e1sticos 2026 es la plataforma de negocios donde las empresas transformadoras pueden encontrar directamente a los proveedores de soluciones integrales. Es la cita ineludible para adquisici\u00f3n de insumos, actualizaci\u00f3n tecnol\u00f3gica y capacitaci\u00f3n en tendencias de la industria.<\/p>\n\n\n\n<p>Fuente: <a href=\"https:\/\/somosindustria.com\/articulo\/se-acerca-expo-plasticos-2026\/\" target=\"_blank\" rel=\"noreferrer noopener\">https:\/\/somosindustria.com\/<\/a><\/p>\n","protected":false},"excerpt":{"rendered":"<p>Presentar\u00e1n innovaci\u00f3n para un modelo sostenible de la industria. La industria del pl\u00e1stico se encuentra en un punto de inflexi\u00f3n, donde la innovaci\u00f3n no es solo un motor de crecimiento, sino un imperativo para la sostenibilidad y la responsabilidad ambiental. En este contexto crucial, Expo Pl\u00e1sticos 2026 se prepara para abrir sus puertas, consolid\u00e1ndose como [&hellip;]<\/p>\n","protected":false},"author":1,"featured_media":987498102,"comment_status":"closed","ping_status":"closed","sticky":false,"template":"","format":"standard","meta":{"_et_pb_use_builder":"off","_et_pb_old_content":"","_et_gb_content_width":"1080","cybocfi_hide_featured_image":"","footnotes":""},"categories":[19],"tags":[],"class_list":["post-987498101","post","type-post","status-publish","format-standard","has-post-thumbnail","hentry","category-noticias"],"yoast_head":"<!-- This site is optimized with the Yoast SEO plugin v26.5 - https:\/\/yoast.com\/wordpress\/plugins\/seo\/ -->\n<title>Se acerca Expo Pl\u00e1sticos 2026 - Expo Pl\u00e1sticos 2027<\/title>\n<meta name=\"description\" content=\"Presentar\u00e1n innovaci\u00f3n para un modelo sostenible de la industria\" \/>\n<meta name=\"robots\" content=\"index, follow, max-snippet:-1, max-image-preview:large, max-video-preview:-1\" \/>\n<link rel=\"canonical\" href=\"https:\/\/expoplasticos.mx\/2026\/se-acerca-expo-plasticos-2026\/\" \/>\n<meta property=\"og:locale\" content=\"es_ES\" \/>\n<meta property=\"og:type\" content=\"article\" \/>\n<meta property=\"og:title\" content=\"Se acerca Expo Pl\u00e1sticos 2026\" \/>\n<meta property=\"og:description\" content=\"Presentar\u00e1n innovaci\u00f3n para un modelo sostenible de la industria\" \/>\n<meta property=\"og:url\" content=\"https:\/\/expoplasticos.mx\/2026\/se-acerca-expo-plasticos-2026\/\" \/>\n<meta property=\"og:site_name\" content=\"Expo Pl\u00e1sticos 2027\" \/>\n<meta property=\"article:publisher\" content=\"http:\/\/www.facebook.com\/ExpoPlasticos\" \/>\n<meta property=\"article:published_time\" content=\"2026-03-09T19:34:48+00:00\" \/>\n<meta property=\"article:modified_time\" content=\"2026-03-12T19:37:12+00:00\" \/>\n<meta property=\"og:image\" content=\"https:\/\/expoplasticos.mx\/2026\/wp-content\/uploads\/2026\/03\/Blog_9Marzo2026.webp\" \/>\n\t<meta property=\"og:image:width\" content=\"1200\" \/>\n\t<meta property=\"og:image:height\" content=\"500\" \/>\n\t<meta property=\"og:image:type\" content=\"image\/webp\" \/>\n<meta name=\"author\" content=\"daniela\" \/>\n<meta name=\"twitter:card\" content=\"summary_large_image\" \/>\n<meta name=\"twitter:title\" content=\"Se acerca Expo Pl\u00e1sticos 2026\" \/>\n<meta name=\"twitter:description\" content=\"Presentar\u00e1n innovaci\u00f3n para un modelo sostenible de la industria\" \/>\n<meta name=\"twitter:image\" content=\"https:\/\/expoplasticos.mx\/2026\/wp-content\/uploads\/2026\/03\/Blog_9Marzo2026.webp\" \/>\n<meta name=\"twitter:creator\" content=\"@expoplasticos\" \/>\n<meta name=\"twitter:site\" content=\"@expoplasticos\" \/>\n<meta name=\"twitter:label1\" content=\"Escrito por\" \/>\n\t<meta name=\"twitter:data1\" content=\"daniela\" \/>\n\t<meta name=\"twitter:label2\" content=\"Tiempo de lectura\" \/>\n\t<meta name=\"twitter:data2\" content=\"2 minutos\" \/>\n<script type=\"application\/ld+json\" class=\"yoast-schema-graph\">{\"@context\":\"https:\/\/schema.org\",\"@graph\":[{\"@type\":\"Article\",\"@id\":\"https:\/\/expoplasticos.mx\/2026\/se-acerca-expo-plasticos-2026\/#article\",\"isPartOf\":{\"@id\":\"https:\/\/expoplasticos.mx\/2026\/se-acerca-expo-plasticos-2026\/\"},\"author\":{\"name\":\"daniela\",\"@id\":\"https:\/\/expoplasticos.mx\/2026\/#\/schema\/person\/c14a8de37d62fa837c48472178d1c081\"},\"headline\":\"Se acerca Expo Pl\u00e1sticos 2026\",\"datePublished\":\"2026-03-09T19:34:48+00:00\",\"dateModified\":\"2026-03-12T19:37:12+00:00\",\"mainEntityOfPage\":{\"@id\":\"https:\/\/expoplasticos.mx\/2026\/se-acerca-expo-plasticos-2026\/\"},\"wordCount\":340,\"publisher\":{\"@id\":\"https:\/\/expoplasticos.mx\/2026\/#organization\"},\"image\":{\"@id\":\"https:\/\/expoplasticos.mx\/2026\/se-acerca-expo-plasticos-2026\/#primaryimage\"},\"thumbnailUrl\":\"https:\/\/expoplasticos.mx\/2026\/wp-content\/uploads\/2026\/03\/Blog_9Marzo2026.webp\",\"articleSection\":[\"NOTICIAS\"],\"inLanguage\":\"es\"},{\"@type\":\"WebPage\",\"@id\":\"https:\/\/expoplasticos.mx\/2026\/se-acerca-expo-plasticos-2026\/\",\"url\":\"https:\/\/expoplasticos.mx\/2026\/se-acerca-expo-plasticos-2026\/\",\"name\":\"Se acerca Expo Pl\u00e1sticos 2026 - Expo Pl\u00e1sticos 2027\",\"isPartOf\":{\"@id\":\"https:\/\/expoplasticos.mx\/2026\/#website\"},\"primaryImageOfPage\":{\"@id\":\"https:\/\/expoplasticos.mx\/2026\/se-acerca-expo-plasticos-2026\/#primaryimage\"},\"image\":{\"@id\":\"https:\/\/expoplasticos.mx\/2026\/se-acerca-expo-plasticos-2026\/#primaryimage\"},\"thumbnailUrl\":\"https:\/\/expoplasticos.mx\/2026\/wp-content\/uploads\/2026\/03\/Blog_9Marzo2026.webp\",\"datePublished\":\"2026-03-09T19:34:48+00:00\",\"dateModified\":\"2026-03-12T19:37:12+00:00\",\"description\":\"Presentar\u00e1n innovaci\u00f3n para un modelo sostenible de la industria\",\"breadcrumb\":{\"@id\":\"https:\/\/expoplasticos.mx\/2026\/se-acerca-expo-plasticos-2026\/#breadcrumb\"},\"inLanguage\":\"es\",\"potentialAction\":[{\"@type\":\"ReadAction\",\"target\":[\"https:\/\/expoplasticos.mx\/2026\/se-acerca-expo-plasticos-2026\/\"]}]},{\"@type\":\"ImageObject\",\"inLanguage\":\"es\",\"@id\":\"https:\/\/expoplasticos.mx\/2026\/se-acerca-expo-plasticos-2026\/#primaryimage\",\"url\":\"https:\/\/expoplasticos.mx\/2026\/wp-content\/uploads\/2026\/03\/Blog_9Marzo2026.webp\",\"contentUrl\":\"https:\/\/expoplasticos.mx\/2026\/wp-content\/uploads\/2026\/03\/Blog_9Marzo2026.webp\",\"width\":1200,\"height\":500},{\"@type\":\"BreadcrumbList\",\"@id\":\"https:\/\/expoplasticos.mx\/2026\/se-acerca-expo-plasticos-2026\/#breadcrumb\",\"itemListElement\":[{\"@type\":\"ListItem\",\"position\":1,\"name\":\"Inicio\",\"item\":\"https:\/\/expoplasticos.mx\/2026\/\"},{\"@type\":\"ListItem\",\"position\":2,\"name\":\"NOTICIAS\",\"item\":\"https:\/\/expoplasticos.mx\/2026\/category\/noticias\/\"},{\"@type\":\"ListItem\",\"position\":3,\"name\":\"Se acerca Expo Pl\u00e1sticos 2026\"}]},{\"@type\":\"WebSite\",\"@id\":\"https:\/\/expoplasticos.mx\/2026\/#website\",\"url\":\"https:\/\/expoplasticos.mx\/2026\/\",\"name\":\"Expo Pl\u00e1sticos 2026\",\"description\":\"El punto de encuentro para la transformaci\u00f3n de la industria del pl\u00e1stico\",\"publisher\":{\"@id\":\"https:\/\/expoplasticos.mx\/2026\/#organization\"},\"potentialAction\":[{\"@type\":\"SearchAction\",\"target\":{\"@type\":\"EntryPoint\",\"urlTemplate\":\"https:\/\/expoplasticos.mx\/2026\/?s={search_term_string}\"},\"query-input\":{\"@type\":\"PropertyValueSpecification\",\"valueRequired\":true,\"valueName\":\"search_term_string\"}}],\"inLanguage\":\"es\"},{\"@type\":\"Organization\",\"@id\":\"https:\/\/expoplasticos.mx\/2026\/#organization\",\"name\":\"Expo Pl\u00e1sticos 2026\",\"url\":\"https:\/\/expoplasticos.mx\/2026\/\",\"logo\":{\"@type\":\"ImageObject\",\"inLanguage\":\"es\",\"@id\":\"https:\/\/expoplasticos.mx\/2026\/#\/schema\/logo\/image\/\",\"url\":\"https:\/\/expoplasticos.mx\/2026\/wp-content\/uploads\/2025\/10\/EP26_LogYoast.webp\",\"contentUrl\":\"https:\/\/expoplasticos.mx\/2026\/wp-content\/uploads\/2025\/10\/EP26_LogYoast.webp\",\"width\":875,\"height\":286,\"caption\":\"Expo Pl\u00e1sticos 2026\"},\"image\":{\"@id\":\"https:\/\/expoplasticos.mx\/2026\/#\/schema\/logo\/image\/\"},\"sameAs\":[\"http:\/\/www.facebook.com\/ExpoPlasticos\",\"https:\/\/x.com\/expoplasticos\",\"http:\/\/www.instagram.com\/ExpoPlasticos\",\"https:\/\/www.linkedin.com\/company\/expoplasticos\/posts\/?feedView=all\",\"https:\/\/www.youtube.com\/@ExpoPlasticos\"]},{\"@type\":\"Person\",\"@id\":\"https:\/\/expoplasticos.mx\/2026\/#\/schema\/person\/c14a8de37d62fa837c48472178d1c081\",\"name\":\"daniela\",\"image\":{\"@type\":\"ImageObject\",\"inLanguage\":\"es\",\"@id\":\"https:\/\/expoplasticos.mx\/2026\/#\/schema\/person\/image\/\",\"url\":\"https:\/\/secure.gravatar.com\/avatar\/6804e94c76f778ac07bce28b7595d8a0248a29d955fb308ffce6715e3d08c55f?s=96&d=mm&r=g\",\"contentUrl\":\"https:\/\/secure.gravatar.com\/avatar\/6804e94c76f778ac07bce28b7595d8a0248a29d955fb308ffce6715e3d08c55f?s=96&d=mm&r=g\",\"caption\":\"daniela\"},\"sameAs\":[\"http:\/\/expoplasticos.mx\/2026\"]}]}<\/script>\n<!-- \/ Yoast SEO plugin. -->","yoast_head_json":{"title":"Se acerca Expo Pl\u00e1sticos 2026 - Expo Pl\u00e1sticos 2027","description":"Presentar\u00e1n innovaci\u00f3n para un modelo sostenible de la industria","robots":{"index":"index","follow":"follow","max-snippet":"max-snippet:-1","max-image-preview":"max-image-preview:large","max-video-preview":"max-video-preview:-1"},"canonical":"https:\/\/expoplasticos.mx\/2026\/se-acerca-expo-plasticos-2026\/","og_locale":"es_ES","og_type":"article","og_title":"Se acerca Expo Pl\u00e1sticos 2026","og_description":"Presentar\u00e1n innovaci\u00f3n para un modelo sostenible de la industria","og_url":"https:\/\/expoplasticos.mx\/2026\/se-acerca-expo-plasticos-2026\/","og_site_name":"Expo Pl\u00e1sticos 2027","article_publisher":"http:\/\/www.facebook.com\/ExpoPlasticos","article_published_time":"2026-03-09T19:34:48+00:00","article_modified_time":"2026-03-12T19:37:12+00:00","og_image":[{"width":1200,"height":500,"url":"https:\/\/expoplasticos.mx\/2026\/wp-content\/uploads\/2026\/03\/Blog_9Marzo2026.webp","type":"image\/webp"}],"author":"daniela","twitter_card":"summary_large_image","twitter_title":"Se acerca Expo Pl\u00e1sticos 2026","twitter_description":"Presentar\u00e1n innovaci\u00f3n para un modelo sostenible de la industria","twitter_image":"https:\/\/expoplasticos.mx\/2026\/wp-content\/uploads\/2026\/03\/Blog_9Marzo2026.webp","twitter_creator":"@expoplasticos","twitter_site":"@expoplasticos","twitter_misc":{"Escrito por":"daniela","Tiempo de lectura":"2 minutos"},"schema":{"@context":"https:\/\/schema.org","@graph":[{"@type":"Article","@id":"https:\/\/expoplasticos.mx\/2026\/se-acerca-expo-plasticos-2026\/#article","isPartOf":{"@id":"https:\/\/expoplasticos.mx\/2026\/se-acerca-expo-plasticos-2026\/"},"author":{"name":"daniela","@id":"https:\/\/expoplasticos.mx\/2026\/#\/schema\/person\/c14a8de37d62fa837c48472178d1c081"},"headline":"Se acerca Expo Pl\u00e1sticos 2026","datePublished":"2026-03-09T19:34:48+00:00","dateModified":"2026-03-12T19:37:12+00:00","mainEntityOfPage":{"@id":"https:\/\/expoplasticos.mx\/2026\/se-acerca-expo-plasticos-2026\/"},"wordCount":340,"publisher":{"@id":"https:\/\/expoplasticos.mx\/2026\/#organization"},"image":{"@id":"https:\/\/expoplasticos.mx\/2026\/se-acerca-expo-plasticos-2026\/#primaryimage"},"thumbnailUrl":"https:\/\/expoplasticos.mx\/2026\/wp-content\/uploads\/2026\/03\/Blog_9Marzo2026.webp","articleSection":["NOTICIAS"],"inLanguage":"es"},{"@type":"WebPage","@id":"https:\/\/expoplasticos.mx\/2026\/se-acerca-expo-plasticos-2026\/","url":"https:\/\/expoplasticos.mx\/2026\/se-acerca-expo-plasticos-2026\/","name":"Se acerca Expo Pl\u00e1sticos 2026 - Expo Pl\u00e1sticos 2027","isPartOf":{"@id":"https:\/\/expoplasticos.mx\/2026\/#website"},"primaryImageOfPage":{"@id":"https:\/\/expoplasticos.mx\/2026\/se-acerca-expo-plasticos-2026\/#primaryimage"},"image":{"@id":"https:\/\/expoplasticos.mx\/2026\/se-acerca-expo-plasticos-2026\/#primaryimage"},"thumbnailUrl":"https:\/\/expoplasticos.mx\/2026\/wp-content\/uploads\/2026\/03\/Blog_9Marzo2026.webp","datePublished":"2026-03-09T19:34:48+00:00","dateModified":"2026-03-12T19:37:12+00:00","description":"Presentar\u00e1n innovaci\u00f3n para un modelo sostenible de la industria","breadcrumb":{"@id":"https:\/\/expoplasticos.mx\/2026\/se-acerca-expo-plasticos-2026\/#breadcrumb"},"inLanguage":"es","potentialAction":[{"@type":"ReadAction","target":["https:\/\/expoplasticos.mx\/2026\/se-acerca-expo-plasticos-2026\/"]}]},{"@type":"ImageObject","inLanguage":"es","@id":"https:\/\/expoplasticos.mx\/2026\/se-acerca-expo-plasticos-2026\/#primaryimage","url":"https:\/\/expoplasticos.mx\/2026\/wp-content\/uploads\/2026\/03\/Blog_9Marzo2026.webp","contentUrl":"https:\/\/expoplasticos.mx\/2026\/wp-content\/uploads\/2026\/03\/Blog_9Marzo2026.webp","width":1200,"height":500},{"@type":"BreadcrumbList","@id":"https:\/\/expoplasticos.mx\/2026\/se-acerca-expo-plasticos-2026\/#breadcrumb","itemListElement":[{"@type":"ListItem","position":1,"name":"Inicio","item":"https:\/\/expoplasticos.mx\/2026\/"},{"@type":"ListItem","position":2,"name":"NOTICIAS","item":"https:\/\/expoplasticos.mx\/2026\/category\/noticias\/"},{"@type":"ListItem","position":3,"name":"Se acerca Expo Pl\u00e1sticos 2026"}]},{"@type":"WebSite","@id":"https:\/\/expoplasticos.mx\/2026\/#website","url":"https:\/\/expoplasticos.mx\/2026\/","name":"Expo Pl\u00e1sticos 2026","description":"El punto de encuentro para la transformaci\u00f3n de la industria del pl\u00e1stico","publisher":{"@id":"https:\/\/expoplasticos.mx\/2026\/#organization"},"potentialAction":[{"@type":"SearchAction","target":{"@type":"EntryPoint","urlTemplate":"https:\/\/expoplasticos.mx\/2026\/?s={search_term_string}"},"query-input":{"@type":"PropertyValueSpecification","valueRequired":true,"valueName":"search_term_string"}}],"inLanguage":"es"},{"@type":"Organization","@id":"https:\/\/expoplasticos.mx\/2026\/#organization","name":"Expo Pl\u00e1sticos 2026","url":"https:\/\/expoplasticos.mx\/2026\/","logo":{"@type":"ImageObject","inLanguage":"es","@id":"https:\/\/expoplasticos.mx\/2026\/#\/schema\/logo\/image\/","url":"https:\/\/expoplasticos.mx\/2026\/wp-content\/uploads\/2025\/10\/EP26_LogYoast.webp","contentUrl":"https:\/\/expoplasticos.mx\/2026\/wp-content\/uploads\/2025\/10\/EP26_LogYoast.webp","width":875,"height":286,"caption":"Expo Pl\u00e1sticos 2026"},"image":{"@id":"https:\/\/expoplasticos.mx\/2026\/#\/schema\/logo\/image\/"},"sameAs":["http:\/\/www.facebook.com\/ExpoPlasticos","https:\/\/x.com\/expoplasticos","http:\/\/www.instagram.com\/ExpoPlasticos","https:\/\/www.linkedin.com\/company\/expoplasticos\/posts\/?feedView=all","https:\/\/www.youtube.com\/@ExpoPlasticos"]},{"@type":"Person","@id":"https:\/\/expoplasticos.mx\/2026\/#\/schema\/person\/c14a8de37d62fa837c48472178d1c081","name":"daniela","image":{"@type":"ImageObject","inLanguage":"es","@id":"https:\/\/expoplasticos.mx\/2026\/#\/schema\/person\/image\/","url":"https:\/\/secure.gravatar.com\/avatar\/6804e94c76f778ac07bce28b7595d8a0248a29d955fb308ffce6715e3d08c55f?s=96&d=mm&r=g","contentUrl":"https:\/\/secure.gravatar.com\/avatar\/6804e94c76f778ac07bce28b7595d8a0248a29d955fb308ffce6715e3d08c55f?s=96&d=mm&r=g","caption":"daniela"},"sameAs":["http:\/\/expoplasticos.mx\/2026"]}]}},"_links":{"self":[{"href":"https:\/\/expoplasticos.mx\/2026\/wp-json\/wp\/v2\/posts\/987498101","targetHints":{"allow":["GET"]}}],"collection":[{"href":"https:\/\/expoplasticos.mx\/2026\/wp-json\/wp\/v2\/posts"}],"about":[{"href":"https:\/\/expoplasticos.mx\/2026\/wp-json\/wp\/v2\/types\/post"}],"author":[{"embeddable":true,"href":"https:\/\/expoplasticos.mx\/2026\/wp-json\/wp\/v2\/users\/1"}],"replies":[{"embeddable":true,"href":"https:\/\/expoplasticos.mx\/2026\/wp-json\/wp\/v2\/comments?post=987498101"}],"version-history":[{"count":1,"href":"https:\/\/expoplasticos.mx\/2026\/wp-json\/wp\/v2\/posts\/987498101\/revisions"}],"predecessor-version":[{"id":987498103,"href":"https:\/\/expoplasticos.mx\/2026\/wp-json\/wp\/v2\/posts\/987498101\/revisions\/987498103"}],"wp:featuredmedia":[{"embeddable":true,"href":"https:\/\/expoplasticos.mx\/2026\/wp-json\/wp\/v2\/media\/987498102"}],"wp:attachment":[{"href":"https:\/\/expoplasticos.mx\/2026\/wp-json\/wp\/v2\/media?parent=987498101"}],"wp:term":[{"taxonomy":"category","embeddable":true,"href":"https:\/\/expoplasticos.mx\/2026\/wp-json\/wp\/v2\/categories?post=987498101"},{"taxonomy":"post_tag","embeddable":true,"href":"https:\/\/expoplasticos.mx\/2026\/wp-json\/wp\/v2\/tags?post=987498101"}],"curies":[{"name":"wp","href":"https:\/\/api.w.org\/{rel}","templated":true}]}}