{"id":987497684,"date":"2026-02-18T16:24:52","date_gmt":"2026-02-18T16:24:52","guid":{"rendered":"https:\/\/expoplasticos.mx\/2026\/?p=987497684"},"modified":"2026-03-04T16:27:05","modified_gmt":"2026-03-04T16:27:05","slug":"retos-del-sector-del-reciclado-de-plasticos","status":"publish","type":"post","link":"https:\/\/expoplasticos.mx\/2026\/retos-del-sector-del-reciclado-de-plasticos\/","title":{"rendered":"Retos del sector del reciclado de pl\u00e1sticos"},"content":{"rendered":"\n<h3 class=\"wp-block-heading\"><em>El reciclaje de pl\u00e1sticos en M\u00e9xico enfrenta presi\u00f3n por exceso de resina virgen, pero la innovaci\u00f3n tecnol\u00f3gica en poliolefinas y PET apunta a una recuperaci\u00f3n con mayor eficiencia.\u00a0<\/em><\/h3>\n\n\n\n<p>La industria del reciclado atraviesa un momento complejo en M\u00e9xico. <strong>Jos\u00e9 Luis P\u00e9rez<\/strong>, representante de las firmas <strong>Erema, Sorema y Weima<\/strong>, en M\u00e9xico y Centroam\u00e9rica, explic\u00f3 que la pandemia alter\u00f3 la din\u00e1mica del mercado, con un exceso de resina virgen que debilit\u00f3 la demanda de material reciclado.&nbsp;<\/p>\n\n\n\n<blockquote class=\"wp-block-quote is-layout-flow wp-block-quote-is-layout-flow\">\n<p>\u201cEstamos inundados de material virgen. Todo este tema ha afectado directamente al reciclado, que no tiene la misma efervescencia que tuvo antes de COVID\u201d.<\/p>\n<\/blockquote>\n\n\n\n<p>Seg\u00fan P\u00e9rez, el PET mantiene estabilidad en su reciclaje, pero las poliolefinas sufrieron una ca\u00edda significativa. Aun as\u00ed, conf\u00eda en una reactivaci\u00f3n del sector.&nbsp;<\/p>\n\n\n\n<blockquote class=\"wp-block-quote is-layout-flow wp-block-quote-is-layout-flow\">\n<p>\u201cEsperamos que esta nueva ola de poliolefinas vuelva a tener una detonaci\u00f3n importante para el a\u00f1o entrante\u201d.<\/p>\n<\/blockquote>\n\n\n\n<p>La estrategia de <strong>Erema<\/strong> incluye innovaci\u00f3n tecnol\u00f3gica y sistemas de gran escala. Equipos de hasta 4,000 kilos por hora y soluciones de doble husillo para homogenizar materiales multicapa son parte de su oferta con la cual estar\u00e1n presentes en <strong>Expo Pl\u00e1sticos 2026<\/strong>. Adem\u00e1s, se destacan desarrollos como filtros l\u00e1ser de mayor tama\u00f1o y mejoras en consumo energ\u00e9tico por kilo producido, fundamentales en un entorno donde la eficiencia es determinante.<\/p>\n\n\n\n<p>El experto advierte que la planeaci\u00f3n es crucial para quienes buscan iniciar proyectos de reciclaje, por lo que recomienda a los interesados llevar c\u00e1lculos de corto, mediano y largo plazo, as\u00ed como claridad en los materiales a procesar.&nbsp;<\/p>\n\n\n\n<blockquote class=\"wp-block-quote is-layout-flow wp-block-quote-is-layout-flow\">\n<p>\u201cSi tienen un proyecto en mente, que lo bajen en n\u00fameros, c\u00f3mo se ven en un a\u00f1o, en dos, en tres y en cinco, para discutir un proyecto con m\u00e1s pies y cabeza\u201d.<\/p>\n<\/blockquote>\n\n\n\n<p>P\u00e9rez resalta que la zona centro de M\u00e9xico, en estados como Guanajuato y Michoac\u00e1n, concentra recicladores de mediano y gran tama\u00f1o, lo que convierte a ferias como Expo Pl\u00e1sticos en un foro clave para este nicho de la industria. All\u00ed, afirma, los clientes pueden comparar tecnolog\u00edas y conocer las soluciones europeas m\u00e1s recientes.<\/p>\n\n\n\n<p>La innovaci\u00f3n y la visi\u00f3n estrat\u00e9gica son, en su opini\u00f3n, los factores que marcar\u00e1n la recuperaci\u00f3n del reciclaje de pl\u00e1sticos en el pa\u00eds. Para las empresas del sector pl\u00e1stico acudir a Expo Pl\u00e1sticos 2026 representa acercarse a este tipo de soluciones; del 24 al 26 de marzo en Expo Guadalajara tendr\u00e1n la oportunidad de conectar con los proveedores l\u00edderes del sector.\u00a0 El registro est\u00e1 abierto en:\u00a0<a href=\"https:\/\/expoplasticos.mx\/2026\" target=\"_blank\" rel=\"noreferrer noopener\">https:\/\/expoplasticos.mx\/<\/a><\/p>\n\n\n\n<figure class=\"wp-block-embed alignwide is-type-video is-provider-youtube wp-block-embed-youtube wp-embed-aspect-16-9 wp-has-aspect-ratio\"><div class=\"wp-block-embed__wrapper\">\n<iframe loading=\"lazy\" title=\"Sorema\" width=\"1080\" height=\"608\" src=\"https:\/\/www.youtube.com\/embed\/K1Z7wz4TEeQ?feature=oembed\"  allow=\"accelerometer; autoplay; clipboard-write; encrypted-media; gyroscope; picture-in-picture; web-share\" referrerpolicy=\"strict-origin-when-cross-origin\" allowfullscreen><\/iframe>\n<\/div><\/figure>\n\n\n\n<p>Fuente: <a href=\"https:\/\/mexicoindustry.com\/noticia\/retos-del-sector-del-reciclado-de-plasticos\" target=\"_blank\" rel=\"noreferrer noopener\">https:\/\/mexicoindustry.com\/<\/a><\/p>\n","protected":false},"excerpt":{"rendered":"<p>El reciclaje de pl\u00e1sticos en M\u00e9xico enfrenta presi\u00f3n por exceso de resina virgen, pero la innovaci\u00f3n tecnol\u00f3gica en poliolefinas y PET apunta a una recuperaci\u00f3n con mayor eficiencia.\u00a0 La industria del reciclado atraviesa un momento complejo en M\u00e9xico. Jos\u00e9 Luis P\u00e9rez, representante de las firmas Erema, Sorema y Weima, en M\u00e9xico y Centroam\u00e9rica, explic\u00f3 que [&hellip;]<\/p>\n","protected":false},"author":1,"featured_media":987497685,"comment_status":"closed","ping_status":"closed","sticky":false,"template":"","format":"standard","meta":{"_et_pb_use_builder":"off","_et_pb_old_content":"","_et_gb_content_width":"1080","cybocfi_hide_featured_image":"","footnotes":""},"categories":[19],"tags":[],"class_list":["post-987497684","post","type-post","status-publish","format-standard","has-post-thumbnail","hentry","category-noticias"],"yoast_head":"<!-- This site is optimized with the Yoast SEO plugin v26.5 - https:\/\/yoast.com\/wordpress\/plugins\/seo\/ -->\n<title>Retos del sector del reciclado de pl\u00e1sticos - Expo Pl\u00e1sticos 2027<\/title>\n<meta name=\"description\" content=\"El reciclaje de pl\u00e1sticos en M\u00e9xico enfrenta presi\u00f3n por exceso de resina virgen, pero la innovaci\u00f3n tecnol\u00f3gica en poliolefinas y PET apunta a una recuperaci\u00f3n con mayor eficiencia.\" \/>\n<meta name=\"robots\" content=\"index, follow, max-snippet:-1, max-image-preview:large, max-video-preview:-1\" \/>\n<link rel=\"canonical\" href=\"https:\/\/expoplasticos.mx\/2026\/retos-del-sector-del-reciclado-de-plasticos\/\" \/>\n<meta property=\"og:locale\" content=\"es_ES\" \/>\n<meta property=\"og:type\" content=\"article\" \/>\n<meta property=\"og:title\" content=\"Retos del sector del reciclado de pl\u00e1sticos\" \/>\n<meta property=\"og:description\" content=\"El reciclaje de pl\u00e1sticos en M\u00e9xico enfrenta presi\u00f3n por exceso de resina virgen, pero la innovaci\u00f3n tecnol\u00f3gica en poliolefinas y PET apunta a una recuperaci\u00f3n con mayor eficiencia.\" \/>\n<meta property=\"og:url\" content=\"https:\/\/expoplasticos.mx\/2026\/retos-del-sector-del-reciclado-de-plasticos\/\" \/>\n<meta property=\"og:site_name\" content=\"Expo Pl\u00e1sticos 2027\" \/>\n<meta property=\"article:publisher\" content=\"http:\/\/www.facebook.com\/ExpoPlasticos\" \/>\n<meta property=\"article:published_time\" content=\"2026-02-18T16:24:52+00:00\" \/>\n<meta property=\"article:modified_time\" content=\"2026-03-04T16:27:05+00:00\" \/>\n<meta property=\"og:image\" content=\"https:\/\/expoplasticos.mx\/2026\/wp-content\/uploads\/2026\/03\/Blog_18Febrero2026.webp\" \/>\n\t<meta property=\"og:image:width\" content=\"1200\" \/>\n\t<meta property=\"og:image:height\" content=\"500\" \/>\n\t<meta property=\"og:image:type\" content=\"image\/webp\" \/>\n<meta name=\"author\" content=\"daniela\" \/>\n<meta name=\"twitter:card\" content=\"summary_large_image\" \/>\n<meta name=\"twitter:title\" content=\"Retos del sector del reciclado de pl\u00e1sticos\" \/>\n<meta name=\"twitter:description\" content=\"El reciclaje de pl\u00e1sticos en M\u00e9xico enfrenta presi\u00f3n por exceso de resina virgen, pero la innovaci\u00f3n tecnol\u00f3gica en poliolefinas y PET apunta a una recuperaci\u00f3n con mayor eficiencia.\" \/>\n<meta name=\"twitter:image\" content=\"https:\/\/expoplasticos.mx\/2026\/wp-content\/uploads\/2026\/03\/Blog_18Febrero2026.webp\" \/>\n<meta name=\"twitter:creator\" content=\"@expoplasticos\" \/>\n<meta name=\"twitter:site\" content=\"@expoplasticos\" \/>\n<meta name=\"twitter:label1\" content=\"Escrito por\" \/>\n\t<meta name=\"twitter:data1\" content=\"daniela\" \/>\n\t<meta name=\"twitter:label2\" content=\"Tiempo de lectura\" \/>\n\t<meta name=\"twitter:data2\" content=\"2 minutos\" \/>\n<script type=\"application\/ld+json\" class=\"yoast-schema-graph\">{\"@context\":\"https:\/\/schema.org\",\"@graph\":[{\"@type\":\"Article\",\"@id\":\"https:\/\/expoplasticos.mx\/2026\/retos-del-sector-del-reciclado-de-plasticos\/#article\",\"isPartOf\":{\"@id\":\"https:\/\/expoplasticos.mx\/2026\/retos-del-sector-del-reciclado-de-plasticos\/\"},\"author\":{\"name\":\"daniela\",\"@id\":\"https:\/\/expoplasticos.mx\/2026\/#\/schema\/person\/c14a8de37d62fa837c48472178d1c081\"},\"headline\":\"Retos del sector del reciclado de pl\u00e1sticos\",\"datePublished\":\"2026-02-18T16:24:52+00:00\",\"dateModified\":\"2026-03-04T16:27:05+00:00\",\"mainEntityOfPage\":{\"@id\":\"https:\/\/expoplasticos.mx\/2026\/retos-del-sector-del-reciclado-de-plasticos\/\"},\"wordCount\":473,\"publisher\":{\"@id\":\"https:\/\/expoplasticos.mx\/2026\/#organization\"},\"image\":{\"@id\":\"https:\/\/expoplasticos.mx\/2026\/retos-del-sector-del-reciclado-de-plasticos\/#primaryimage\"},\"thumbnailUrl\":\"https:\/\/expoplasticos.mx\/2026\/wp-content\/uploads\/2026\/03\/Blog_18Febrero2026.webp\",\"articleSection\":[\"NOTICIAS\"],\"inLanguage\":\"es\"},{\"@type\":\"WebPage\",\"@id\":\"https:\/\/expoplasticos.mx\/2026\/retos-del-sector-del-reciclado-de-plasticos\/\",\"url\":\"https:\/\/expoplasticos.mx\/2026\/retos-del-sector-del-reciclado-de-plasticos\/\",\"name\":\"Retos del sector del reciclado de pl\u00e1sticos - Expo Pl\u00e1sticos 2027\",\"isPartOf\":{\"@id\":\"https:\/\/expoplasticos.mx\/2026\/#website\"},\"primaryImageOfPage\":{\"@id\":\"https:\/\/expoplasticos.mx\/2026\/retos-del-sector-del-reciclado-de-plasticos\/#primaryimage\"},\"image\":{\"@id\":\"https:\/\/expoplasticos.mx\/2026\/retos-del-sector-del-reciclado-de-plasticos\/#primaryimage\"},\"thumbnailUrl\":\"https:\/\/expoplasticos.mx\/2026\/wp-content\/uploads\/2026\/03\/Blog_18Febrero2026.webp\",\"datePublished\":\"2026-02-18T16:24:52+00:00\",\"dateModified\":\"2026-03-04T16:27:05+00:00\",\"description\":\"El reciclaje de pl\u00e1sticos en M\u00e9xico enfrenta presi\u00f3n por exceso de resina virgen, pero la innovaci\u00f3n tecnol\u00f3gica en poliolefinas y PET apunta a una recuperaci\u00f3n con mayor eficiencia.\",\"breadcrumb\":{\"@id\":\"https:\/\/expoplasticos.mx\/2026\/retos-del-sector-del-reciclado-de-plasticos\/#breadcrumb\"},\"inLanguage\":\"es\",\"potentialAction\":[{\"@type\":\"ReadAction\",\"target\":[\"https:\/\/expoplasticos.mx\/2026\/retos-del-sector-del-reciclado-de-plasticos\/\"]}]},{\"@type\":\"ImageObject\",\"inLanguage\":\"es\",\"@id\":\"https:\/\/expoplasticos.mx\/2026\/retos-del-sector-del-reciclado-de-plasticos\/#primaryimage\",\"url\":\"https:\/\/expoplasticos.mx\/2026\/wp-content\/uploads\/2026\/03\/Blog_18Febrero2026.webp\",\"contentUrl\":\"https:\/\/expoplasticos.mx\/2026\/wp-content\/uploads\/2026\/03\/Blog_18Febrero2026.webp\",\"width\":1200,\"height\":500},{\"@type\":\"BreadcrumbList\",\"@id\":\"https:\/\/expoplasticos.mx\/2026\/retos-del-sector-del-reciclado-de-plasticos\/#breadcrumb\",\"itemListElement\":[{\"@type\":\"ListItem\",\"position\":1,\"name\":\"Inicio\",\"item\":\"https:\/\/expoplasticos.mx\/2026\/\"},{\"@type\":\"ListItem\",\"position\":2,\"name\":\"NOTICIAS\",\"item\":\"https:\/\/expoplasticos.mx\/2026\/category\/noticias\/\"},{\"@type\":\"ListItem\",\"position\":3,\"name\":\"Retos del sector del reciclado de pl\u00e1sticos\"}]},{\"@type\":\"WebSite\",\"@id\":\"https:\/\/expoplasticos.mx\/2026\/#website\",\"url\":\"https:\/\/expoplasticos.mx\/2026\/\",\"name\":\"Expo Pl\u00e1sticos 2026\",\"description\":\"El punto de encuentro para la transformaci\u00f3n de la industria del pl\u00e1stico\",\"publisher\":{\"@id\":\"https:\/\/expoplasticos.mx\/2026\/#organization\"},\"potentialAction\":[{\"@type\":\"SearchAction\",\"target\":{\"@type\":\"EntryPoint\",\"urlTemplate\":\"https:\/\/expoplasticos.mx\/2026\/?s={search_term_string}\"},\"query-input\":{\"@type\":\"PropertyValueSpecification\",\"valueRequired\":true,\"valueName\":\"search_term_string\"}}],\"inLanguage\":\"es\"},{\"@type\":\"Organization\",\"@id\":\"https:\/\/expoplasticos.mx\/2026\/#organization\",\"name\":\"Expo Pl\u00e1sticos 2026\",\"url\":\"https:\/\/expoplasticos.mx\/2026\/\",\"logo\":{\"@type\":\"ImageObject\",\"inLanguage\":\"es\",\"@id\":\"https:\/\/expoplasticos.mx\/2026\/#\/schema\/logo\/image\/\",\"url\":\"https:\/\/expoplasticos.mx\/2026\/wp-content\/uploads\/2025\/10\/EP26_LogYoast.webp\",\"contentUrl\":\"https:\/\/expoplasticos.mx\/2026\/wp-content\/uploads\/2025\/10\/EP26_LogYoast.webp\",\"width\":875,\"height\":286,\"caption\":\"Expo Pl\u00e1sticos 2026\"},\"image\":{\"@id\":\"https:\/\/expoplasticos.mx\/2026\/#\/schema\/logo\/image\/\"},\"sameAs\":[\"http:\/\/www.facebook.com\/ExpoPlasticos\",\"https:\/\/x.com\/expoplasticos\",\"http:\/\/www.instagram.com\/ExpoPlasticos\",\"https:\/\/www.linkedin.com\/company\/expoplasticos\/posts\/?feedView=all\",\"https:\/\/www.youtube.com\/@ExpoPlasticos\"]},{\"@type\":\"Person\",\"@id\":\"https:\/\/expoplasticos.mx\/2026\/#\/schema\/person\/c14a8de37d62fa837c48472178d1c081\",\"name\":\"daniela\",\"image\":{\"@type\":\"ImageObject\",\"inLanguage\":\"es\",\"@id\":\"https:\/\/expoplasticos.mx\/2026\/#\/schema\/person\/image\/\",\"url\":\"https:\/\/secure.gravatar.com\/avatar\/6804e94c76f778ac07bce28b7595d8a0248a29d955fb308ffce6715e3d08c55f?s=96&d=mm&r=g\",\"contentUrl\":\"https:\/\/secure.gravatar.com\/avatar\/6804e94c76f778ac07bce28b7595d8a0248a29d955fb308ffce6715e3d08c55f?s=96&d=mm&r=g\",\"caption\":\"daniela\"},\"sameAs\":[\"http:\/\/expoplasticos.mx\/2026\"]}]}<\/script>\n<!-- \/ Yoast SEO plugin. -->","yoast_head_json":{"title":"Retos del sector del reciclado de pl\u00e1sticos - Expo Pl\u00e1sticos 2027","description":"El reciclaje de pl\u00e1sticos en M\u00e9xico enfrenta presi\u00f3n por exceso de resina virgen, pero la innovaci\u00f3n tecnol\u00f3gica en poliolefinas y PET apunta a una recuperaci\u00f3n con mayor eficiencia.","robots":{"index":"index","follow":"follow","max-snippet":"max-snippet:-1","max-image-preview":"max-image-preview:large","max-video-preview":"max-video-preview:-1"},"canonical":"https:\/\/expoplasticos.mx\/2026\/retos-del-sector-del-reciclado-de-plasticos\/","og_locale":"es_ES","og_type":"article","og_title":"Retos del sector del reciclado de pl\u00e1sticos","og_description":"El reciclaje de pl\u00e1sticos en M\u00e9xico enfrenta presi\u00f3n por exceso de resina virgen, pero la innovaci\u00f3n tecnol\u00f3gica en poliolefinas y PET apunta a una recuperaci\u00f3n con mayor eficiencia.","og_url":"https:\/\/expoplasticos.mx\/2026\/retos-del-sector-del-reciclado-de-plasticos\/","og_site_name":"Expo Pl\u00e1sticos 2027","article_publisher":"http:\/\/www.facebook.com\/ExpoPlasticos","article_published_time":"2026-02-18T16:24:52+00:00","article_modified_time":"2026-03-04T16:27:05+00:00","og_image":[{"width":1200,"height":500,"url":"https:\/\/expoplasticos.mx\/2026\/wp-content\/uploads\/2026\/03\/Blog_18Febrero2026.webp","type":"image\/webp"}],"author":"daniela","twitter_card":"summary_large_image","twitter_title":"Retos del sector del reciclado de pl\u00e1sticos","twitter_description":"El reciclaje de pl\u00e1sticos en M\u00e9xico enfrenta presi\u00f3n por exceso de resina virgen, pero la innovaci\u00f3n tecnol\u00f3gica en poliolefinas y PET apunta a una recuperaci\u00f3n con mayor eficiencia.","twitter_image":"https:\/\/expoplasticos.mx\/2026\/wp-content\/uploads\/2026\/03\/Blog_18Febrero2026.webp","twitter_creator":"@expoplasticos","twitter_site":"@expoplasticos","twitter_misc":{"Escrito por":"daniela","Tiempo de lectura":"2 minutos"},"schema":{"@context":"https:\/\/schema.org","@graph":[{"@type":"Article","@id":"https:\/\/expoplasticos.mx\/2026\/retos-del-sector-del-reciclado-de-plasticos\/#article","isPartOf":{"@id":"https:\/\/expoplasticos.mx\/2026\/retos-del-sector-del-reciclado-de-plasticos\/"},"author":{"name":"daniela","@id":"https:\/\/expoplasticos.mx\/2026\/#\/schema\/person\/c14a8de37d62fa837c48472178d1c081"},"headline":"Retos del sector del reciclado de pl\u00e1sticos","datePublished":"2026-02-18T16:24:52+00:00","dateModified":"2026-03-04T16:27:05+00:00","mainEntityOfPage":{"@id":"https:\/\/expoplasticos.mx\/2026\/retos-del-sector-del-reciclado-de-plasticos\/"},"wordCount":473,"publisher":{"@id":"https:\/\/expoplasticos.mx\/2026\/#organization"},"image":{"@id":"https:\/\/expoplasticos.mx\/2026\/retos-del-sector-del-reciclado-de-plasticos\/#primaryimage"},"thumbnailUrl":"https:\/\/expoplasticos.mx\/2026\/wp-content\/uploads\/2026\/03\/Blog_18Febrero2026.webp","articleSection":["NOTICIAS"],"inLanguage":"es"},{"@type":"WebPage","@id":"https:\/\/expoplasticos.mx\/2026\/retos-del-sector-del-reciclado-de-plasticos\/","url":"https:\/\/expoplasticos.mx\/2026\/retos-del-sector-del-reciclado-de-plasticos\/","name":"Retos del sector del reciclado de pl\u00e1sticos - Expo Pl\u00e1sticos 2027","isPartOf":{"@id":"https:\/\/expoplasticos.mx\/2026\/#website"},"primaryImageOfPage":{"@id":"https:\/\/expoplasticos.mx\/2026\/retos-del-sector-del-reciclado-de-plasticos\/#primaryimage"},"image":{"@id":"https:\/\/expoplasticos.mx\/2026\/retos-del-sector-del-reciclado-de-plasticos\/#primaryimage"},"thumbnailUrl":"https:\/\/expoplasticos.mx\/2026\/wp-content\/uploads\/2026\/03\/Blog_18Febrero2026.webp","datePublished":"2026-02-18T16:24:52+00:00","dateModified":"2026-03-04T16:27:05+00:00","description":"El reciclaje de pl\u00e1sticos en M\u00e9xico enfrenta presi\u00f3n por exceso de resina virgen, pero la innovaci\u00f3n tecnol\u00f3gica en poliolefinas y PET apunta a una recuperaci\u00f3n con mayor eficiencia.","breadcrumb":{"@id":"https:\/\/expoplasticos.mx\/2026\/retos-del-sector-del-reciclado-de-plasticos\/#breadcrumb"},"inLanguage":"es","potentialAction":[{"@type":"ReadAction","target":["https:\/\/expoplasticos.mx\/2026\/retos-del-sector-del-reciclado-de-plasticos\/"]}]},{"@type":"ImageObject","inLanguage":"es","@id":"https:\/\/expoplasticos.mx\/2026\/retos-del-sector-del-reciclado-de-plasticos\/#primaryimage","url":"https:\/\/expoplasticos.mx\/2026\/wp-content\/uploads\/2026\/03\/Blog_18Febrero2026.webp","contentUrl":"https:\/\/expoplasticos.mx\/2026\/wp-content\/uploads\/2026\/03\/Blog_18Febrero2026.webp","width":1200,"height":500},{"@type":"BreadcrumbList","@id":"https:\/\/expoplasticos.mx\/2026\/retos-del-sector-del-reciclado-de-plasticos\/#breadcrumb","itemListElement":[{"@type":"ListItem","position":1,"name":"Inicio","item":"https:\/\/expoplasticos.mx\/2026\/"},{"@type":"ListItem","position":2,"name":"NOTICIAS","item":"https:\/\/expoplasticos.mx\/2026\/category\/noticias\/"},{"@type":"ListItem","position":3,"name":"Retos del sector del reciclado de pl\u00e1sticos"}]},{"@type":"WebSite","@id":"https:\/\/expoplasticos.mx\/2026\/#website","url":"https:\/\/expoplasticos.mx\/2026\/","name":"Expo Pl\u00e1sticos 2026","description":"El punto de encuentro para la transformaci\u00f3n de la industria del pl\u00e1stico","publisher":{"@id":"https:\/\/expoplasticos.mx\/2026\/#organization"},"potentialAction":[{"@type":"SearchAction","target":{"@type":"EntryPoint","urlTemplate":"https:\/\/expoplasticos.mx\/2026\/?s={search_term_string}"},"query-input":{"@type":"PropertyValueSpecification","valueRequired":true,"valueName":"search_term_string"}}],"inLanguage":"es"},{"@type":"Organization","@id":"https:\/\/expoplasticos.mx\/2026\/#organization","name":"Expo Pl\u00e1sticos 2026","url":"https:\/\/expoplasticos.mx\/2026\/","logo":{"@type":"ImageObject","inLanguage":"es","@id":"https:\/\/expoplasticos.mx\/2026\/#\/schema\/logo\/image\/","url":"https:\/\/expoplasticos.mx\/2026\/wp-content\/uploads\/2025\/10\/EP26_LogYoast.webp","contentUrl":"https:\/\/expoplasticos.mx\/2026\/wp-content\/uploads\/2025\/10\/EP26_LogYoast.webp","width":875,"height":286,"caption":"Expo Pl\u00e1sticos 2026"},"image":{"@id":"https:\/\/expoplasticos.mx\/2026\/#\/schema\/logo\/image\/"},"sameAs":["http:\/\/www.facebook.com\/ExpoPlasticos","https:\/\/x.com\/expoplasticos","http:\/\/www.instagram.com\/ExpoPlasticos","https:\/\/www.linkedin.com\/company\/expoplasticos\/posts\/?feedView=all","https:\/\/www.youtube.com\/@ExpoPlasticos"]},{"@type":"Person","@id":"https:\/\/expoplasticos.mx\/2026\/#\/schema\/person\/c14a8de37d62fa837c48472178d1c081","name":"daniela","image":{"@type":"ImageObject","inLanguage":"es","@id":"https:\/\/expoplasticos.mx\/2026\/#\/schema\/person\/image\/","url":"https:\/\/secure.gravatar.com\/avatar\/6804e94c76f778ac07bce28b7595d8a0248a29d955fb308ffce6715e3d08c55f?s=96&d=mm&r=g","contentUrl":"https:\/\/secure.gravatar.com\/avatar\/6804e94c76f778ac07bce28b7595d8a0248a29d955fb308ffce6715e3d08c55f?s=96&d=mm&r=g","caption":"daniela"},"sameAs":["http:\/\/expoplasticos.mx\/2026"]}]}},"_links":{"self":[{"href":"https:\/\/expoplasticos.mx\/2026\/wp-json\/wp\/v2\/posts\/987497684","targetHints":{"allow":["GET"]}}],"collection":[{"href":"https:\/\/expoplasticos.mx\/2026\/wp-json\/wp\/v2\/posts"}],"about":[{"href":"https:\/\/expoplasticos.mx\/2026\/wp-json\/wp\/v2\/types\/post"}],"author":[{"embeddable":true,"href":"https:\/\/expoplasticos.mx\/2026\/wp-json\/wp\/v2\/users\/1"}],"replies":[{"embeddable":true,"href":"https:\/\/expoplasticos.mx\/2026\/wp-json\/wp\/v2\/comments?post=987497684"}],"version-history":[{"count":1,"href":"https:\/\/expoplasticos.mx\/2026\/wp-json\/wp\/v2\/posts\/987497684\/revisions"}],"predecessor-version":[{"id":987497686,"href":"https:\/\/expoplasticos.mx\/2026\/wp-json\/wp\/v2\/posts\/987497684\/revisions\/987497686"}],"wp:featuredmedia":[{"embeddable":true,"href":"https:\/\/expoplasticos.mx\/2026\/wp-json\/wp\/v2\/media\/987497685"}],"wp:attachment":[{"href":"https:\/\/expoplasticos.mx\/2026\/wp-json\/wp\/v2\/media?parent=987497684"}],"wp:term":[{"taxonomy":"category","embeddable":true,"href":"https:\/\/expoplasticos.mx\/2026\/wp-json\/wp\/v2\/categories?post=987497684"},{"taxonomy":"post_tag","embeddable":true,"href":"https:\/\/expoplasticos.mx\/2026\/wp-json\/wp\/v2\/tags?post=987497684"}],"curies":[{"name":"wp","href":"https:\/\/api.w.org\/{rel}","templated":true}]}}