{"id":987497672,"date":"2026-02-06T16:08:38","date_gmt":"2026-02-06T16:08:38","guid":{"rendered":"https:\/\/expoplasticos.mx\/2026\/?p=987497672"},"modified":"2026-03-04T16:11:45","modified_gmt":"2026-03-04T16:11:45","slug":"latinoamerica-acelera-su-regulacion-para-una-industria-plastica-sostenible-claves-del-avance-y-retos","status":"publish","type":"post","link":"https:\/\/expoplasticos.mx\/2026\/latinoamerica-acelera-su-regulacion-para-una-industria-plastica-sostenible-claves-del-avance-y-retos\/","title":{"rendered":"Latinoam\u00e9rica acelera su regulaci\u00f3n para una industria pl\u00e1stica sostenible: claves del avance y retos"},"content":{"rendered":"\n<h3 class=\"wp-block-heading\"><strong>Webinar de\u00a0<\/strong><a href=\"https:\/\/www.plastico.com\/espa\u00f1a\/paterna\/proveedores\/aimplas-instituto-tecnol\u00f3gico-del-pl\u00e1stico?utm_source=plastico&amp;utm_medium=internal&amp;utm_campaign=aimplas\"><strong>AIMPLAS<\/strong><\/a><strong>\u00a0con Tecnolog\u00eda del Pl\u00e1stico analiz\u00f3 el avance normativo y las tendencias globales que est\u00e1n transformando el sector.<\/strong><\/h3>\n\n\n\n<p>La sostenibilidad dej\u00f3 de ser una opci\u00f3n y se ha convertido en una exigencia regulatoria para la industria del pl\u00e1stico. As\u00ed lo expuso <strong>Ana Vasconcelos<\/strong>, especialista en biotecnolog\u00eda de <a href=\"https:\/\/www.plastico.com\/espa\u00f1a\/paterna\/proveedores\/aimplas-instituto-tecnol\u00f3gico-del-pl\u00e1stico?utm_source=plastico&amp;utm_medium=internal&amp;utm_campaign=aimplas\">AIMPLAS<\/a>, durante el webinar <strong>\u201cTendencias Globales en Pl\u00e1sticos: Sostenibilidad y Regulaci\u00f3n\u201d<\/strong>, realizado junto a <a href=\"https:\/\/www.plastico.com\/\">Tecnolog\u00eda del Pl\u00e1stico<\/a>, donde se abord\u00f3 el panorama legislativo global y la forma en que distintos pa\u00edses latinoamericanos avanzan hacia modelos de econom\u00eda circular.<\/p>\n\n\n\n<p><strong><em>\u201cLa sostenibilidad pas\u00f3 de ser un diferenciador de mercado a una obligatoriedad regulatoria\u201d.<\/em><\/strong><br>\u2014 Ana Vasconcelos, <a href=\"https:\/\/www.plastico.com\/espa\u00f1a\/paterna\/proveedores\/aimplas-instituto-tecnol\u00f3gico-del-pl\u00e1stico?utm_source=plastico&amp;utm_medium=internal&amp;utm_campaign=aimplas\">AIMPLAS<\/a><\/p>\n\n\n\n<h3 class=\"wp-block-heading\">AIMPLAS: innovaci\u00f3n tecnol\u00f3gica para toda la cadena del pl\u00e1stico<\/h3>\n\n\n\n<p><a href=\"https:\/\/www.plastico.com\/espa\u00f1a\/paterna\/proveedores\/aimplas-instituto-tecnol\u00f3gico-del-pl\u00e1stico?utm_source=plastico&amp;utm_medium=internal&amp;utm_campaign=aimplas\">AIMPLAS<\/a>, el Instituto Tecnol\u00f3gico del Pl\u00e1stico con m\u00e1s de 35 a\u00f1os de experiencia, apoya a empresas de toda la cadena de valor con investigaci\u00f3n, desarrollo, formaci\u00f3n y soluciones tecnol\u00f3gicas para impulsar la innovaci\u00f3n sostenible en el sector.<\/p>\n\n\n\n<p>Durante el webinar, Vasconcelos destac\u00f3 que <a href=\"https:\/\/www.plastico.com\/espa\u00f1a\/paterna\/proveedores\/aimplas-instituto-tecnol\u00f3gico-del-pl\u00e1stico?utm_source=plastico&amp;utm_medium=internal&amp;utm_campaign=aimplas\">AIMPLAS<\/a> trabaja en \u00e1reas clave como reciclaje mec\u00e1nico, reciclaje qu\u00edmico, reciclaje enzim\u00e1tico y materiales biodegradables, adem\u00e1s de contar con plantas piloto de extrusi\u00f3n, inyecci\u00f3n, soplado y termoformado.<\/p>\n\n\n\n<h3 class=\"wp-block-heading\">Un contexto global que impulsa la transformaci\u00f3n<\/h3>\n\n\n\n<p>La industria produce m\u00e1s de <strong>400 millones de toneladas de pl\u00e1stico al a\u00f1o<\/strong>, pero menos del 10% se recicla efectivamente. Este desequilibrio ha impulsado a gobiernos y organismos internacionales a replantear el modelo, avanzando hacia esquemas basados en econom\u00eda circular, reducci\u00f3n del pl\u00e1stico virgen y mayor responsabilidad para los productores.<\/p>\n\n\n\n<h4 class=\"wp-block-heading\">\ud83d\udcca Cifra global clave<\/h4>\n\n\n\n<p><strong>+400 millones de toneladas<\/strong> de pl\u00e1stico se producen cada a\u00f1o<\/p>\n\n\n\n<p><strong>&lt;10%<\/strong> se recicla efectivamente<\/p>\n\n\n\n<p>Para Am\u00e9rica Latina, este contexto es especialmente relevante: la regi\u00f3n enfrenta crecimiento del consumo, infraestructura de residuos a\u00fan en desarrollo y una presi\u00f3n regulatoria creciente inspirada en modelos europeos.<\/p>\n\n\n\n<figure class=\"wp-block-embed alignfull is-type-video is-provider-youtube wp-block-embed-youtube wp-embed-aspect-16-9 wp-has-aspect-ratio\"><div class=\"wp-block-embed__wrapper\">\n<iframe loading=\"lazy\" title=\"Tendencias Globales en Pl\u00e1sticos: Sostenibilidad y Regulaci\u00f3n  Webinar con Ana Vasconcelos (AIMPLAS)\" width=\"1080\" height=\"608\" src=\"https:\/\/www.youtube.com\/embed\/ZpVkJYtvbhc?feature=oembed\"  allow=\"accelerometer; autoplay; clipboard-write; encrypted-media; gyroscope; picture-in-picture; web-share\" referrerpolicy=\"strict-origin-when-cross-origin\" allowfullscreen><\/iframe>\n<\/div><\/figure>\n\n\n\n<p>Panorama regulatorio por pa\u00eds: as\u00ed avanza Latinoam\u00e9rica<\/p>\n\n\n\n<h4 class=\"wp-block-heading\"><strong>Colombia: enfoque en responsabilidad extendida al productor<\/strong><\/h4>\n\n\n\n<p>Colombia ha incrementado su tasa nacional de reciclaje alrededor de un 30% en cinco a\u00f1os, aunque a\u00fan est\u00e1 por debajo de los niveles europeos. Iniciativas como el Plastics Pact Colombia buscan elevar la circularidad hacia 2030. El pa\u00eds cuenta con una ley REP obligatoria para envases y empaques, metas de recolecci\u00f3n y un sistema colectivo de gesti\u00f3n. Sin embargo, uno de los principales desaf\u00edos sigue siendo la formalizaci\u00f3n del reciclaje informal y la expansi\u00f3n de infraestructura sostenible.<\/p>\n\n\n\n<h4 class=\"wp-block-heading\"><strong>Chile: uno de los modelos regulatorios m\u00e1s avanzados<\/strong><\/h4>\n\n\n\n<p>Chile report\u00f3 un crecimiento del consumo pl\u00e1stico cercano al 7% impulsado por sectores como miner\u00eda y agricultura. El pa\u00eds destaca por esquemas obligatorios de REP, requisitos m\u00ednimos de contenido reciclado en botellas y una Ley de Pl\u00e1sticos de un Solo Uso en evoluci\u00f3n. Sin embargo, enfrenta un reto clave: la oferta local de PET reciclado no cubre la demanda y es necesario importar material para ciertos usos.<\/p>\n\n\n\n<h4 class=\"wp-block-heading\"><strong>M\u00e9xico: liderazgo en reciclaje PET, pero legislaci\u00f3n fragmentada<\/strong><\/h4>\n\n\n\n<p>M\u00e9xico es l\u00edder regional en reciclaje de envases PET, recuperando m\u00e1s del 60% y generando m\u00e1s de 70 mil empleos en la industria. A pesar de este avance, el pa\u00eds enfrenta una normativa dispersa: existen regulaciones federales, estatales y municipales distintas, lo que dificulta la operaci\u00f3n nacional de las empresas. A\u00fan no hay una ley nacional REP obligatoria para envases.<\/p>\n\n\n\n<h4 class=\"wp-block-heading\"><strong>Per\u00fa: avances progresivos y oportunidades en ecodise\u00f1o<\/strong><\/h4>\n\n\n\n<p>Per\u00fa avanza en la recuperaci\u00f3n de residuos aprovechables, especialmente PET, apoyado en recicladores formalizados que cumplen un rol social clave. No obstante, la tasa global de reciclaje sigue siendo limitada, especialmente en envases flexibles y multilaminados, donde existen oportunidades en separaci\u00f3n en origen, ecodise\u00f1o e infraestructura.<\/p>\n\n\n\n<h3 class=\"wp-block-heading\">Una tendencia regional clara: presi\u00f3n legislativa convergente<\/h3>\n\n\n\n<p>Vasconcelos destac\u00f3 que Latinoam\u00e9rica sigue una convergencia hacia marcos internacionales, particularmente europeos, como la Directiva de Pl\u00e1sticos de un Solo Uso y el futuro Tratado Global sobre Pl\u00e1sticos de Naciones Unidas.<\/p>\n\n\n\n<p><strong><em>\u201cLos pa\u00edses avanzan a distintas velocidades, pero todos se dirigen hacia modelos m\u00e1s restrictivos y con mayor responsabilidad para el productor\u201d.<\/em><\/strong><br>\u2014 Ana Vasconcelos, <a href=\"https:\/\/www.plastico.com\/espa\u00f1a\/paterna\/proveedores\/aimplas-instituto-tecnol\u00f3gico-del-pl\u00e1stico?utm_source=plastico&amp;utm_medium=internal&amp;utm_campaign=aimplas\">AIMPLAS<\/a><\/p>\n\n\n\n<p>La regi\u00f3n avanza en restricciones a pl\u00e1sticos de un solo uso, adopci\u00f3n de esquemas REP y endurecimiento de requisitos t\u00e9cnicos: reciclabilidad demostrable, certificaciones externas, trazabilidad y etiquetado ambiental correcto.<\/p>\n\n\n\n<h3 class=\"wp-block-heading\">La industria responde: innovaci\u00f3n, reciclaje avanzado y biopl\u00e1sticos<\/h3>\n\n\n\n<p>Las empresas est\u00e1n buscando soluciones a trav\u00e9s de:<\/p>\n\n\n\n<ul class=\"wp-block-list\">\n<li><strong>Dise\u00f1o para reciclaje y ecodise\u00f1o<\/strong><\/li>\n\n\n\n<li><strong>Incorporaci\u00f3n de contenido reciclado verificable<\/strong><\/li>\n\n\n\n<li><strong>Alternativas biobasadas y biodegradables<\/strong> (PLA, PHA)<\/li>\n\n\n\n<li><strong>Tecnolog\u00edas avanzadas<\/strong> como pir\u00f3lisis, solv\u00f3lisis y reciclaje enzim\u00e1tico<\/li>\n<\/ul>\n\n\n\n<p>AIMPLAS present\u00f3 proyectos como <strong>GRECO<\/strong> y <strong>BioSubPAC<\/strong>, centrados en biopol\u00edmeros sostenibles y reciclado avanzado para aplicaciones industriales.<\/p>\n\n\n\n<h4 class=\"wp-block-heading\"><strong>\ud83d\udd2c Innovaci\u00f3n aplicada<\/strong><\/h4>\n\n\n\n<p><strong>GRECO:&nbsp;<\/strong>copol\u00edmeros de PLA desarrollados por extrusi\u00f3n reactiva<\/p>\n\n\n\n<p><strong>BioSubPAC:&nbsp;<\/strong>reciclaje enzim\u00e1tico de PHA y PHB para reincorporaci\u00f3n industrial<\/p>\n\n\n\n<h3 class=\"wp-block-heading\">Mirando al futuro: anticiparse ser\u00e1 la clave<\/h3>\n\n\n\n<p>El mensaje central del webinar fue contundente: la presi\u00f3n normativa en Am\u00e9rica Latina es creciente, fragmentada pero convergente. Los pa\u00edses avanzan a distintas velocidades, pero todos se dirigen hacia modelos m\u00e1s restrictivos y con mayor responsabilidad para el productor.<\/p>\n\n\n\n<p>Para la industria, el reto no es reaccionar cuando llega la legislaci\u00f3n, sino anticiparse desde el dise\u00f1o, la innovaci\u00f3n y la validaci\u00f3n t\u00e9cnica.<\/p>\n\n\n\n<p><strong><em>\u201cLa clave para la industria no es reaccionar cuando la legislaci\u00f3n llega, sino anticiparse desde el dise\u00f1o, la I+D y la validaci\u00f3n t\u00e9cnica\u201d.<\/em><\/strong><br>\u2014 Ana Vasconcelos, <a href=\"https:\/\/www.plastico.com\/espa\u00f1a\/paterna\/proveedores\/aimplas-instituto-tecnol\u00f3gico-del-pl\u00e1stico?utm_source=plastico&amp;utm_medium=internal&amp;utm_campaign=aimplas\">AIMPLAS<\/a><\/p>\n\n\n\n<p>Fuente: <a href=\"https:\/\/www.plastico.com\/noticias\/latinoam%C3%A9rica-acelera-su-regulaci%C3%B3n-para-una-industria-pl%C3%A1stica-sostenible-claves-del-avance-y-retos\" target=\"_blank\" rel=\"noreferrer noopener\">https:\/\/www.plastico.com\/<\/a><\/p>\n","protected":false},"excerpt":{"rendered":"<p>Webinar de\u00a0AIMPLAS\u00a0con Tecnolog\u00eda del Pl\u00e1stico analiz\u00f3 el avance normativo y las tendencias globales que est\u00e1n transformando el sector. La sostenibilidad dej\u00f3 de ser una opci\u00f3n y se ha convertido en una exigencia regulatoria para la industria del pl\u00e1stico. As\u00ed lo expuso Ana Vasconcelos, especialista en biotecnolog\u00eda de AIMPLAS, durante el webinar \u201cTendencias Globales en Pl\u00e1sticos: [&hellip;]<\/p>\n","protected":false},"author":1,"featured_media":987497673,"comment_status":"closed","ping_status":"closed","sticky":false,"template":"","format":"standard","meta":{"_et_pb_use_builder":"off","_et_pb_old_content":"","_et_gb_content_width":"1080","cybocfi_hide_featured_image":"","footnotes":""},"categories":[19],"tags":[],"class_list":["post-987497672","post","type-post","status-publish","format-standard","has-post-thumbnail","hentry","category-noticias"],"yoast_head":"<!-- This site is optimized with the Yoast SEO plugin v26.5 - https:\/\/yoast.com\/wordpress\/plugins\/seo\/ -->\n<title>Latinoam\u00e9rica acelera su regulaci\u00f3n para una industria pl\u00e1stica sostenible: claves del avance y retos - Expo Pl\u00e1sticos 2027<\/title>\n<meta name=\"description\" content=\"Webinar de AIMPLAS con Tecnolog\u00eda del Pl\u00e1stico analiz\u00f3 el avance normativo y las tendencias globales que est\u00e1n transformando el sector.\" \/>\n<meta name=\"robots\" content=\"index, follow, max-snippet:-1, max-image-preview:large, max-video-preview:-1\" \/>\n<link rel=\"canonical\" href=\"https:\/\/expoplasticos.mx\/2026\/latinoamerica-acelera-su-regulacion-para-una-industria-plastica-sostenible-claves-del-avance-y-retos\/\" \/>\n<meta property=\"og:locale\" content=\"es_ES\" \/>\n<meta property=\"og:type\" content=\"article\" \/>\n<meta property=\"og:title\" content=\"Latinoam\u00e9rica acelera su regulaci\u00f3n para una industria pl\u00e1stica sostenible: claves del avance y retos\" \/>\n<meta property=\"og:description\" content=\"Webinar de AIMPLAS con Tecnolog\u00eda del Pl\u00e1stico analiz\u00f3 el avance normativo y las tendencias globales que est\u00e1n transformando el sector.\" \/>\n<meta property=\"og:url\" content=\"https:\/\/expoplasticos.mx\/2026\/latinoamerica-acelera-su-regulacion-para-una-industria-plastica-sostenible-claves-del-avance-y-retos\/\" \/>\n<meta property=\"og:site_name\" content=\"Expo Pl\u00e1sticos 2027\" \/>\n<meta property=\"article:publisher\" content=\"http:\/\/www.facebook.com\/ExpoPlasticos\" \/>\n<meta property=\"article:published_time\" content=\"2026-02-06T16:08:38+00:00\" \/>\n<meta property=\"article:modified_time\" content=\"2026-03-04T16:11:45+00:00\" \/>\n<meta property=\"og:image\" content=\"https:\/\/expoplasticos.mx\/2026\/wp-content\/uploads\/2026\/03\/Blog_6Febrero2026.webp\" \/>\n\t<meta property=\"og:image:width\" content=\"1200\" \/>\n\t<meta property=\"og:image:height\" content=\"500\" \/>\n\t<meta property=\"og:image:type\" content=\"image\/webp\" \/>\n<meta name=\"author\" content=\"daniela\" \/>\n<meta name=\"twitter:card\" content=\"summary_large_image\" \/>\n<meta name=\"twitter:title\" content=\"Latinoam\u00e9rica acelera su regulaci\u00f3n para una industria pl\u00e1stica sostenible: claves del avance y retos\" \/>\n<meta name=\"twitter:description\" content=\"Webinar de AIMPLAS con Tecnolog\u00eda del Pl\u00e1stico analiz\u00f3 el avance normativo y las tendencias globales que est\u00e1n transformando el sector.\" \/>\n<meta name=\"twitter:image\" content=\"https:\/\/expoplasticos.mx\/2026\/wp-content\/uploads\/2026\/03\/Blog_6Febrero2026.webp\" \/>\n<meta name=\"twitter:creator\" content=\"@expoplasticos\" \/>\n<meta name=\"twitter:site\" content=\"@expoplasticos\" \/>\n<meta name=\"twitter:label1\" content=\"Escrito por\" \/>\n\t<meta name=\"twitter:data1\" content=\"daniela\" \/>\n\t<meta name=\"twitter:label2\" content=\"Tiempo de lectura\" \/>\n\t<meta name=\"twitter:data2\" content=\"5 minutos\" \/>\n<script type=\"application\/ld+json\" class=\"yoast-schema-graph\">{\"@context\":\"https:\/\/schema.org\",\"@graph\":[{\"@type\":\"Article\",\"@id\":\"https:\/\/expoplasticos.mx\/2026\/latinoamerica-acelera-su-regulacion-para-una-industria-plastica-sostenible-claves-del-avance-y-retos\/#article\",\"isPartOf\":{\"@id\":\"https:\/\/expoplasticos.mx\/2026\/latinoamerica-acelera-su-regulacion-para-una-industria-plastica-sostenible-claves-del-avance-y-retos\/\"},\"author\":{\"name\":\"daniela\",\"@id\":\"https:\/\/expoplasticos.mx\/2026\/#\/schema\/person\/c14a8de37d62fa837c48472178d1c081\"},\"headline\":\"Latinoam\u00e9rica acelera su regulaci\u00f3n para una industria pl\u00e1stica sostenible: claves del avance y retos\",\"datePublished\":\"2026-02-06T16:08:38+00:00\",\"dateModified\":\"2026-03-04T16:11:45+00:00\",\"mainEntityOfPage\":{\"@id\":\"https:\/\/expoplasticos.mx\/2026\/latinoamerica-acelera-su-regulacion-para-una-industria-plastica-sostenible-claves-del-avance-y-retos\/\"},\"wordCount\":970,\"publisher\":{\"@id\":\"https:\/\/expoplasticos.mx\/2026\/#organization\"},\"image\":{\"@id\":\"https:\/\/expoplasticos.mx\/2026\/latinoamerica-acelera-su-regulacion-para-una-industria-plastica-sostenible-claves-del-avance-y-retos\/#primaryimage\"},\"thumbnailUrl\":\"https:\/\/expoplasticos.mx\/2026\/wp-content\/uploads\/2026\/03\/Blog_6Febrero2026.webp\",\"articleSection\":[\"NOTICIAS\"],\"inLanguage\":\"es\"},{\"@type\":\"WebPage\",\"@id\":\"https:\/\/expoplasticos.mx\/2026\/latinoamerica-acelera-su-regulacion-para-una-industria-plastica-sostenible-claves-del-avance-y-retos\/\",\"url\":\"https:\/\/expoplasticos.mx\/2026\/latinoamerica-acelera-su-regulacion-para-una-industria-plastica-sostenible-claves-del-avance-y-retos\/\",\"name\":\"Latinoam\u00e9rica acelera su regulaci\u00f3n para una industria pl\u00e1stica sostenible: claves del avance y retos - Expo Pl\u00e1sticos 2027\",\"isPartOf\":{\"@id\":\"https:\/\/expoplasticos.mx\/2026\/#website\"},\"primaryImageOfPage\":{\"@id\":\"https:\/\/expoplasticos.mx\/2026\/latinoamerica-acelera-su-regulacion-para-una-industria-plastica-sostenible-claves-del-avance-y-retos\/#primaryimage\"},\"image\":{\"@id\":\"https:\/\/expoplasticos.mx\/2026\/latinoamerica-acelera-su-regulacion-para-una-industria-plastica-sostenible-claves-del-avance-y-retos\/#primaryimage\"},\"thumbnailUrl\":\"https:\/\/expoplasticos.mx\/2026\/wp-content\/uploads\/2026\/03\/Blog_6Febrero2026.webp\",\"datePublished\":\"2026-02-06T16:08:38+00:00\",\"dateModified\":\"2026-03-04T16:11:45+00:00\",\"description\":\"Webinar de AIMPLAS con Tecnolog\u00eda del Pl\u00e1stico analiz\u00f3 el avance normativo y las tendencias globales que est\u00e1n transformando el sector.\",\"breadcrumb\":{\"@id\":\"https:\/\/expoplasticos.mx\/2026\/latinoamerica-acelera-su-regulacion-para-una-industria-plastica-sostenible-claves-del-avance-y-retos\/#breadcrumb\"},\"inLanguage\":\"es\",\"potentialAction\":[{\"@type\":\"ReadAction\",\"target\":[\"https:\/\/expoplasticos.mx\/2026\/latinoamerica-acelera-su-regulacion-para-una-industria-plastica-sostenible-claves-del-avance-y-retos\/\"]}]},{\"@type\":\"ImageObject\",\"inLanguage\":\"es\",\"@id\":\"https:\/\/expoplasticos.mx\/2026\/latinoamerica-acelera-su-regulacion-para-una-industria-plastica-sostenible-claves-del-avance-y-retos\/#primaryimage\",\"url\":\"https:\/\/expoplasticos.mx\/2026\/wp-content\/uploads\/2026\/03\/Blog_6Febrero2026.webp\",\"contentUrl\":\"https:\/\/expoplasticos.mx\/2026\/wp-content\/uploads\/2026\/03\/Blog_6Febrero2026.webp\",\"width\":1200,\"height\":500},{\"@type\":\"BreadcrumbList\",\"@id\":\"https:\/\/expoplasticos.mx\/2026\/latinoamerica-acelera-su-regulacion-para-una-industria-plastica-sostenible-claves-del-avance-y-retos\/#breadcrumb\",\"itemListElement\":[{\"@type\":\"ListItem\",\"position\":1,\"name\":\"Inicio\",\"item\":\"https:\/\/expoplasticos.mx\/2026\/\"},{\"@type\":\"ListItem\",\"position\":2,\"name\":\"NOTICIAS\",\"item\":\"https:\/\/expoplasticos.mx\/2026\/category\/noticias\/\"},{\"@type\":\"ListItem\",\"position\":3,\"name\":\"Latinoam\u00e9rica acelera su regulaci\u00f3n para una industria pl\u00e1stica sostenible: claves del avance y retos\"}]},{\"@type\":\"WebSite\",\"@id\":\"https:\/\/expoplasticos.mx\/2026\/#website\",\"url\":\"https:\/\/expoplasticos.mx\/2026\/\",\"name\":\"Expo Pl\u00e1sticos 2026\",\"description\":\"El punto de encuentro para la transformaci\u00f3n de la industria del pl\u00e1stico\",\"publisher\":{\"@id\":\"https:\/\/expoplasticos.mx\/2026\/#organization\"},\"potentialAction\":[{\"@type\":\"SearchAction\",\"target\":{\"@type\":\"EntryPoint\",\"urlTemplate\":\"https:\/\/expoplasticos.mx\/2026\/?s={search_term_string}\"},\"query-input\":{\"@type\":\"PropertyValueSpecification\",\"valueRequired\":true,\"valueName\":\"search_term_string\"}}],\"inLanguage\":\"es\"},{\"@type\":\"Organization\",\"@id\":\"https:\/\/expoplasticos.mx\/2026\/#organization\",\"name\":\"Expo Pl\u00e1sticos 2026\",\"url\":\"https:\/\/expoplasticos.mx\/2026\/\",\"logo\":{\"@type\":\"ImageObject\",\"inLanguage\":\"es\",\"@id\":\"https:\/\/expoplasticos.mx\/2026\/#\/schema\/logo\/image\/\",\"url\":\"https:\/\/expoplasticos.mx\/2026\/wp-content\/uploads\/2025\/10\/EP26_LogYoast.webp\",\"contentUrl\":\"https:\/\/expoplasticos.mx\/2026\/wp-content\/uploads\/2025\/10\/EP26_LogYoast.webp\",\"width\":875,\"height\":286,\"caption\":\"Expo Pl\u00e1sticos 2026\"},\"image\":{\"@id\":\"https:\/\/expoplasticos.mx\/2026\/#\/schema\/logo\/image\/\"},\"sameAs\":[\"http:\/\/www.facebook.com\/ExpoPlasticos\",\"https:\/\/x.com\/expoplasticos\",\"http:\/\/www.instagram.com\/ExpoPlasticos\",\"https:\/\/www.linkedin.com\/company\/expoplasticos\/posts\/?feedView=all\",\"https:\/\/www.youtube.com\/@ExpoPlasticos\"]},{\"@type\":\"Person\",\"@id\":\"https:\/\/expoplasticos.mx\/2026\/#\/schema\/person\/c14a8de37d62fa837c48472178d1c081\",\"name\":\"daniela\",\"image\":{\"@type\":\"ImageObject\",\"inLanguage\":\"es\",\"@id\":\"https:\/\/expoplasticos.mx\/2026\/#\/schema\/person\/image\/\",\"url\":\"https:\/\/secure.gravatar.com\/avatar\/6804e94c76f778ac07bce28b7595d8a0248a29d955fb308ffce6715e3d08c55f?s=96&d=mm&r=g\",\"contentUrl\":\"https:\/\/secure.gravatar.com\/avatar\/6804e94c76f778ac07bce28b7595d8a0248a29d955fb308ffce6715e3d08c55f?s=96&d=mm&r=g\",\"caption\":\"daniela\"},\"sameAs\":[\"http:\/\/expoplasticos.mx\/2026\"]}]}<\/script>\n<!-- \/ Yoast SEO plugin. -->","yoast_head_json":{"title":"Latinoam\u00e9rica acelera su regulaci\u00f3n para una industria pl\u00e1stica sostenible: claves del avance y retos - Expo Pl\u00e1sticos 2027","description":"Webinar de AIMPLAS con Tecnolog\u00eda del Pl\u00e1stico analiz\u00f3 el avance normativo y las tendencias globales que est\u00e1n transformando el sector.","robots":{"index":"index","follow":"follow","max-snippet":"max-snippet:-1","max-image-preview":"max-image-preview:large","max-video-preview":"max-video-preview:-1"},"canonical":"https:\/\/expoplasticos.mx\/2026\/latinoamerica-acelera-su-regulacion-para-una-industria-plastica-sostenible-claves-del-avance-y-retos\/","og_locale":"es_ES","og_type":"article","og_title":"Latinoam\u00e9rica acelera su regulaci\u00f3n para una industria pl\u00e1stica sostenible: claves del avance y retos","og_description":"Webinar de AIMPLAS con Tecnolog\u00eda del Pl\u00e1stico analiz\u00f3 el avance normativo y las tendencias globales que est\u00e1n transformando el sector.","og_url":"https:\/\/expoplasticos.mx\/2026\/latinoamerica-acelera-su-regulacion-para-una-industria-plastica-sostenible-claves-del-avance-y-retos\/","og_site_name":"Expo Pl\u00e1sticos 2027","article_publisher":"http:\/\/www.facebook.com\/ExpoPlasticos","article_published_time":"2026-02-06T16:08:38+00:00","article_modified_time":"2026-03-04T16:11:45+00:00","og_image":[{"width":1200,"height":500,"url":"https:\/\/expoplasticos.mx\/2026\/wp-content\/uploads\/2026\/03\/Blog_6Febrero2026.webp","type":"image\/webp"}],"author":"daniela","twitter_card":"summary_large_image","twitter_title":"Latinoam\u00e9rica acelera su regulaci\u00f3n para una industria pl\u00e1stica sostenible: claves del avance y retos","twitter_description":"Webinar de AIMPLAS con Tecnolog\u00eda del Pl\u00e1stico analiz\u00f3 el avance normativo y las tendencias globales que est\u00e1n transformando el sector.","twitter_image":"https:\/\/expoplasticos.mx\/2026\/wp-content\/uploads\/2026\/03\/Blog_6Febrero2026.webp","twitter_creator":"@expoplasticos","twitter_site":"@expoplasticos","twitter_misc":{"Escrito por":"daniela","Tiempo de lectura":"5 minutos"},"schema":{"@context":"https:\/\/schema.org","@graph":[{"@type":"Article","@id":"https:\/\/expoplasticos.mx\/2026\/latinoamerica-acelera-su-regulacion-para-una-industria-plastica-sostenible-claves-del-avance-y-retos\/#article","isPartOf":{"@id":"https:\/\/expoplasticos.mx\/2026\/latinoamerica-acelera-su-regulacion-para-una-industria-plastica-sostenible-claves-del-avance-y-retos\/"},"author":{"name":"daniela","@id":"https:\/\/expoplasticos.mx\/2026\/#\/schema\/person\/c14a8de37d62fa837c48472178d1c081"},"headline":"Latinoam\u00e9rica acelera su regulaci\u00f3n para una industria pl\u00e1stica sostenible: claves del avance y retos","datePublished":"2026-02-06T16:08:38+00:00","dateModified":"2026-03-04T16:11:45+00:00","mainEntityOfPage":{"@id":"https:\/\/expoplasticos.mx\/2026\/latinoamerica-acelera-su-regulacion-para-una-industria-plastica-sostenible-claves-del-avance-y-retos\/"},"wordCount":970,"publisher":{"@id":"https:\/\/expoplasticos.mx\/2026\/#organization"},"image":{"@id":"https:\/\/expoplasticos.mx\/2026\/latinoamerica-acelera-su-regulacion-para-una-industria-plastica-sostenible-claves-del-avance-y-retos\/#primaryimage"},"thumbnailUrl":"https:\/\/expoplasticos.mx\/2026\/wp-content\/uploads\/2026\/03\/Blog_6Febrero2026.webp","articleSection":["NOTICIAS"],"inLanguage":"es"},{"@type":"WebPage","@id":"https:\/\/expoplasticos.mx\/2026\/latinoamerica-acelera-su-regulacion-para-una-industria-plastica-sostenible-claves-del-avance-y-retos\/","url":"https:\/\/expoplasticos.mx\/2026\/latinoamerica-acelera-su-regulacion-para-una-industria-plastica-sostenible-claves-del-avance-y-retos\/","name":"Latinoam\u00e9rica acelera su regulaci\u00f3n para una industria pl\u00e1stica sostenible: claves del avance y retos - Expo Pl\u00e1sticos 2027","isPartOf":{"@id":"https:\/\/expoplasticos.mx\/2026\/#website"},"primaryImageOfPage":{"@id":"https:\/\/expoplasticos.mx\/2026\/latinoamerica-acelera-su-regulacion-para-una-industria-plastica-sostenible-claves-del-avance-y-retos\/#primaryimage"},"image":{"@id":"https:\/\/expoplasticos.mx\/2026\/latinoamerica-acelera-su-regulacion-para-una-industria-plastica-sostenible-claves-del-avance-y-retos\/#primaryimage"},"thumbnailUrl":"https:\/\/expoplasticos.mx\/2026\/wp-content\/uploads\/2026\/03\/Blog_6Febrero2026.webp","datePublished":"2026-02-06T16:08:38+00:00","dateModified":"2026-03-04T16:11:45+00:00","description":"Webinar de AIMPLAS con Tecnolog\u00eda del Pl\u00e1stico analiz\u00f3 el avance normativo y las tendencias globales que est\u00e1n transformando el sector.","breadcrumb":{"@id":"https:\/\/expoplasticos.mx\/2026\/latinoamerica-acelera-su-regulacion-para-una-industria-plastica-sostenible-claves-del-avance-y-retos\/#breadcrumb"},"inLanguage":"es","potentialAction":[{"@type":"ReadAction","target":["https:\/\/expoplasticos.mx\/2026\/latinoamerica-acelera-su-regulacion-para-una-industria-plastica-sostenible-claves-del-avance-y-retos\/"]}]},{"@type":"ImageObject","inLanguage":"es","@id":"https:\/\/expoplasticos.mx\/2026\/latinoamerica-acelera-su-regulacion-para-una-industria-plastica-sostenible-claves-del-avance-y-retos\/#primaryimage","url":"https:\/\/expoplasticos.mx\/2026\/wp-content\/uploads\/2026\/03\/Blog_6Febrero2026.webp","contentUrl":"https:\/\/expoplasticos.mx\/2026\/wp-content\/uploads\/2026\/03\/Blog_6Febrero2026.webp","width":1200,"height":500},{"@type":"BreadcrumbList","@id":"https:\/\/expoplasticos.mx\/2026\/latinoamerica-acelera-su-regulacion-para-una-industria-plastica-sostenible-claves-del-avance-y-retos\/#breadcrumb","itemListElement":[{"@type":"ListItem","position":1,"name":"Inicio","item":"https:\/\/expoplasticos.mx\/2026\/"},{"@type":"ListItem","position":2,"name":"NOTICIAS","item":"https:\/\/expoplasticos.mx\/2026\/category\/noticias\/"},{"@type":"ListItem","position":3,"name":"Latinoam\u00e9rica acelera su regulaci\u00f3n para una industria pl\u00e1stica sostenible: claves del avance y retos"}]},{"@type":"WebSite","@id":"https:\/\/expoplasticos.mx\/2026\/#website","url":"https:\/\/expoplasticos.mx\/2026\/","name":"Expo Pl\u00e1sticos 2026","description":"El punto de encuentro para la transformaci\u00f3n de la industria del pl\u00e1stico","publisher":{"@id":"https:\/\/expoplasticos.mx\/2026\/#organization"},"potentialAction":[{"@type":"SearchAction","target":{"@type":"EntryPoint","urlTemplate":"https:\/\/expoplasticos.mx\/2026\/?s={search_term_string}"},"query-input":{"@type":"PropertyValueSpecification","valueRequired":true,"valueName":"search_term_string"}}],"inLanguage":"es"},{"@type":"Organization","@id":"https:\/\/expoplasticos.mx\/2026\/#organization","name":"Expo Pl\u00e1sticos 2026","url":"https:\/\/expoplasticos.mx\/2026\/","logo":{"@type":"ImageObject","inLanguage":"es","@id":"https:\/\/expoplasticos.mx\/2026\/#\/schema\/logo\/image\/","url":"https:\/\/expoplasticos.mx\/2026\/wp-content\/uploads\/2025\/10\/EP26_LogYoast.webp","contentUrl":"https:\/\/expoplasticos.mx\/2026\/wp-content\/uploads\/2025\/10\/EP26_LogYoast.webp","width":875,"height":286,"caption":"Expo Pl\u00e1sticos 2026"},"image":{"@id":"https:\/\/expoplasticos.mx\/2026\/#\/schema\/logo\/image\/"},"sameAs":["http:\/\/www.facebook.com\/ExpoPlasticos","https:\/\/x.com\/expoplasticos","http:\/\/www.instagram.com\/ExpoPlasticos","https:\/\/www.linkedin.com\/company\/expoplasticos\/posts\/?feedView=all","https:\/\/www.youtube.com\/@ExpoPlasticos"]},{"@type":"Person","@id":"https:\/\/expoplasticos.mx\/2026\/#\/schema\/person\/c14a8de37d62fa837c48472178d1c081","name":"daniela","image":{"@type":"ImageObject","inLanguage":"es","@id":"https:\/\/expoplasticos.mx\/2026\/#\/schema\/person\/image\/","url":"https:\/\/secure.gravatar.com\/avatar\/6804e94c76f778ac07bce28b7595d8a0248a29d955fb308ffce6715e3d08c55f?s=96&d=mm&r=g","contentUrl":"https:\/\/secure.gravatar.com\/avatar\/6804e94c76f778ac07bce28b7595d8a0248a29d955fb308ffce6715e3d08c55f?s=96&d=mm&r=g","caption":"daniela"},"sameAs":["http:\/\/expoplasticos.mx\/2026"]}]}},"_links":{"self":[{"href":"https:\/\/expoplasticos.mx\/2026\/wp-json\/wp\/v2\/posts\/987497672","targetHints":{"allow":["GET"]}}],"collection":[{"href":"https:\/\/expoplasticos.mx\/2026\/wp-json\/wp\/v2\/posts"}],"about":[{"href":"https:\/\/expoplasticos.mx\/2026\/wp-json\/wp\/v2\/types\/post"}],"author":[{"embeddable":true,"href":"https:\/\/expoplasticos.mx\/2026\/wp-json\/wp\/v2\/users\/1"}],"replies":[{"embeddable":true,"href":"https:\/\/expoplasticos.mx\/2026\/wp-json\/wp\/v2\/comments?post=987497672"}],"version-history":[{"count":1,"href":"https:\/\/expoplasticos.mx\/2026\/wp-json\/wp\/v2\/posts\/987497672\/revisions"}],"predecessor-version":[{"id":987497674,"href":"https:\/\/expoplasticos.mx\/2026\/wp-json\/wp\/v2\/posts\/987497672\/revisions\/987497674"}],"wp:featuredmedia":[{"embeddable":true,"href":"https:\/\/expoplasticos.mx\/2026\/wp-json\/wp\/v2\/media\/987497673"}],"wp:attachment":[{"href":"https:\/\/expoplasticos.mx\/2026\/wp-json\/wp\/v2\/media?parent=987497672"}],"wp:term":[{"taxonomy":"category","embeddable":true,"href":"https:\/\/expoplasticos.mx\/2026\/wp-json\/wp\/v2\/categories?post=987497672"},{"taxonomy":"post_tag","embeddable":true,"href":"https:\/\/expoplasticos.mx\/2026\/wp-json\/wp\/v2\/tags?post=987497672"}],"curies":[{"name":"wp","href":"https:\/\/api.w.org\/{rel}","templated":true}]}}