{"id":987497622,"date":"2026-03-03T22:46:16","date_gmt":"2026-03-03T22:46:16","guid":{"rendered":"https:\/\/expoplasticos.mx\/2026\/?p=987497622"},"modified":"2026-03-03T22:46:26","modified_gmt":"2026-03-03T22:46:26","slug":"gn%c2%b3-secado-a-tres-etapas-de-temperatura-para-cambios-rapidos","status":"publish","type":"post","link":"https:\/\/expoplasticos.mx\/2026\/gn%c2%b3-secado-a-tres-etapas-de-temperatura-para-cambios-rapidos\/","title":{"rendered":"GN\u00b3 Secado a tres etapas de temperatura para cambios r\u00e1pidos"},"content":{"rendered":"\n<p class=\"has-text-color has-link-color wp-elements-c2de9c999b567cd1a3ec35738d751f6d\" style=\"color:#04649c;font-size:20px\"><strong>MARTES 24 DE MARZO 2026 | Horario: 13:00 a 15:30 pm<\/strong><\/p>\n\n\n\n<div class=\"wp-block-columns is-layout-flex wp-container-core-columns-is-layout-9d6595d7 wp-block-columns-is-layout-flex\">\n<div class=\"wp-block-column is-layout-flow wp-block-column-is-layout-flow\" style=\"flex-basis:33.33%\">\n<figure class=\"wp-block-image size-full\"><img loading=\"lazy\" decoding=\"async\" width=\"551\" height=\"554\" src=\"https:\/\/expoplasticos.mx\/2026\/wp-content\/uploads\/2026\/03\/Pierino-Martinato.webp\" alt=\"\" class=\"wp-image-987497623\" srcset=\"https:\/\/expoplasticos.mx\/2026\/wp-content\/uploads\/2026\/03\/Pierino-Martinato.webp 551w, https:\/\/expoplasticos.mx\/2026\/wp-content\/uploads\/2026\/03\/Pierino-Martinato-480x483.webp 480w\" sizes=\"(min-width: 0px) and (max-width: 480px) 480px, (min-width: 481px) 551px, 100vw\" \/><\/figure>\n\n\n\n<p class=\"has-medium-font-size\"><strong><br>Pierino Martinato<br><\/strong>Division Manager, PET Preforms &amp; Bottles<\/p>\n<\/div>\n\n\n\n<div class=\"wp-block-column is-layout-flow wp-block-column-is-layout-flow\" style=\"flex-basis:66.66%\">\n<p class=\"has-medium-font-size\"><br>Los procesadores de PET y rPET se ven sometidos a una presi\u00f3n cada vez mayor para acortar los cambios de resina, reducir el consumo de energ\u00eda y garantizar un rendimiento de secado constante, al tiempo que cumplen los requisitos de conformidad con los COV y los objetivos de calidad. Para hacer frente a estos retos, Piovan ha presentado GN\u00b3, el sistema de secado en tres etapas dise\u00f1ado para proporcionar una deshumidificaci\u00f3n suave y profunda mediante un perfil de temperatura progresivo.<\/p>\n\n\n\n<p>Durante la sesi\u00f3n, Pierino Martinato explicar\u00e1 c\u00f3mo la arquitectura GN\u00b3 puede lograr la deshumidificaci\u00f3n de la resina en 5 horas y permitir cambios de material en menos de 2,5 horas, lo que supone una mejora significativa con respecto a los procesos de secado convencionales, preservando la integridad del material rPET al garantizar que cada gr\u00e1nulo se caliente hasta el n\u00facleo. La presentaci\u00f3n tambi\u00e9n abordar\u00e1 el ecosistema de apoyo que permite el rendimiento industrial, incluyendo la monitorizaci\u00f3n en tiempo real de los COV, la trazabilidad de los lotes de producci\u00f3n y el mantenimiento predictivo para maximizar el tiempo de actividad.<\/p>\n\n\n\n<h2 class=\"wp-block-heading has-medium-font-size\">Semblanza del ponente:<\/h2>\n\n\n\n<p>Pierino Martinato es el director de la divisi\u00f3n de preformas y botellas de PET de PiovanGroup, empresa a la que se incorpor\u00f3 en el a\u00f1o 2000. A lo largo de m\u00e1s de dos d\u00e9cadas en la empresa, ha adquirido una s\u00f3lida experiencia pr\u00e1ctica en tecnolog\u00edas de procesamiento de resina PET para la fabricaci\u00f3n de preformas y botellas. En su cargo actual, dirige las actividades globales de PiovanGroup en el mercado de preformas y botellas de PET y rPET, trabajando en estrecha colaboraci\u00f3n con convertidores, propietarios de marcas y fabricantes de equipos originales en toda la cadena de valor del PET.<\/p>\n\n\n\n<p>A lo largo de su carrera, Pierino ha apoyado la adopci\u00f3n y optimizaci\u00f3n de una amplia gama de resinas PET y sistemas de automatizaci\u00f3n de procesos, desde el secado y la cristalizaci\u00f3n hasta el an\u00e1lisis de procesos y el control de calidad. Su larga exposici\u00f3n a diversos mercados, tama\u00f1os de plantas y requisitos de aplicaci\u00f3n ha dado forma a un enfoque pragm\u00e1tico para equilibrar el rendimiento, la eficiencia energ\u00e9tica, la estabilidad de los procesos y el cumplimiento normativo en el procesamiento del PET. Con esta experiencia, ofrece a los clientes una perspectiva centrada en el negocio y basada en su experiencia t\u00e9cnica.<\/p>\n\n\n\n<p><\/p>\n\n\n\n<figure class=\"wp-block-image size-full\"><img loading=\"lazy\" decoding=\"async\" width=\"155\" height=\"34\" src=\"https:\/\/expoplasticos.mx\/2026\/wp-content\/uploads\/2026\/03\/Logo_Piovan.webp\" alt=\"\" class=\"wp-image-987497627\" srcset=\"https:\/\/expoplasticos.mx\/2026\/wp-content\/uploads\/2026\/03\/Logo_Piovan.webp 155w, https:\/\/expoplasticos.mx\/2026\/wp-content\/uploads\/2026\/03\/Logo_Piovan-150x34.webp 150w\" sizes=\"(max-width: 155px) 100vw, 155px\" \/><\/figure>\n\n\n\n<div class=\"wp-block-columns is-layout-flex wp-container-core-columns-is-layout-9d6595d7 wp-block-columns-is-layout-flex\">\n<div class=\"wp-block-column is-layout-flow wp-block-column-is-layout-flow\">\n<div class=\"wp-block-buttons is-layout-flex wp-block-buttons-is-layout-flex\">\n<div class=\"wp-block-button has-custom-width wp-block-button__width-100 is-style-outline is-style-outline--1\"><a class=\"wp-block-button__link has-white-color has-vivid-cyan-blue-background-color has-text-color has-background has-link-color has-custom-font-size wp-element-button\" style=\"border-radius:5px;font-size:16px\"><strong>A\u00d1ADIR EVENTO A CALENDARIO<\/strong><\/a><\/div>\n<\/div>\n<\/div>\n\n\n\n<div class=\"wp-block-column is-layout-flow wp-block-column-is-layout-flow\">\n<div class=\"wp-block-buttons is-layout-flex wp-block-buttons-is-layout-flex\">\n<div class=\"wp-block-button has-custom-width wp-block-button__width-100 is-style-outline is-style-outline--2\"><a class=\"wp-block-button__link has-white-color has-vivid-green-cyan-background-color has-text-color has-background has-link-color has-custom-font-size wp-element-button\" href=\"https:\/\/expoplasticos.mx\/2026\/registro-2\/\" style=\"border-radius:5px;font-size:16px\"><strong>REGISTRATE SIN COSTO<\/strong><\/a><\/div>\n<\/div>\n<\/div>\n<\/div>\n<\/div>\n<\/div>\n\n\n\n<p><\/p>\n","protected":false},"excerpt":{"rendered":"<p>Hoy en d\u00eda, mantener procesos estables ya no depende solo del ojo experto: el volumen de datos es abrumador, la variabilidad es constante y los perfiles operativos cambian r\u00e1pidamente.<\/p>\n","protected":false},"author":1,"featured_media":987494615,"comment_status":"closed","ping_status":"closed","sticky":false,"template":"","format":"standard","meta":{"_et_pb_use_builder":"off","_et_pb_old_content":"<!-- wp:paragraph {\"style\":{\"elements\":{\"link\":{\"color\":{\"text\":\"var:preset|color|vivid-cyan-blue\"}}}},\"textColor\":\"vivid-cyan-blue\",\"fontSize\":\"medium\"} -->\n<p class=\"has-vivid-cyan-blue-color has-text-color has-link-color has-medium-font-size\"><strong>MARTES 24 DE MARZO 2026 | Horario: 12:00 a 13:30 pm<\/strong><\/p>\n<!-- \/wp:paragraph -->\n\n<!-- wp:paragraph -->\n<p><\/p>\n<!-- \/wp:paragraph -->\n\n<!-- wp:columns -->\n<div class=\"wp-block-columns\"><!-- wp:column {\"width\":\"33.33%\"} -->\n<div class=\"wp-block-column\" style=\"flex-basis:33.33%\"><!-- wp:image {\"id\":987494544,\"sizeSlug\":\"full\",\"linkDestination\":\"none\"} -->\n<figure class=\"wp-block-image size-full\"><img src=\"https:\/\/expoplasticos.mx\/2026\/wp-content\/uploads\/2025\/08\/Andrea-Carraza-2.webp\" alt=\"\" class=\"wp-image-987494544\"\/><\/figure>\n<!-- \/wp:image -->\n\n<!-- wp:paragraph {\"fontSize\":\"medium\"} -->\n<p class=\"has-medium-font-size\"><strong>Andrea Carraza,<br><\/strong>Editora de la Revista Tecnolog\u00eda del Pl\u00e1stico<\/p>\n<!-- \/wp:paragraph --><\/div>\n<!-- \/wp:column -->\n\n<!-- wp:column {\"width\":\"66.66%\"} -->\n<div class=\"wp-block-column\" style=\"flex-basis:66.66%\"><!-- wp:paragraph {\"fontSize\":\"medium\"} -->\n<p class=\"has-medium-font-size\">Mostrar c\u00f3mo el storytelling y el marketing de contenidos pueden alinear la t\u00e1ctica con la esencia de las empresas del sector pl\u00e1stico, ayud\u00e1ndolas a posicionarse con autenticidad, visibilidad y prop\u00f3sito en un mercado cada vez m\u00e1s digital y competitivo.<\/p>\n<!-- \/wp:paragraph -->\n\n<!-- wp:paragraph -->\n<p><br>Comunicadora social, periodista y editora de contenidos con m\u00e1s de 15 a\u00f1os de experiencia en periodismo econ\u00f3mico, marketing y comunicaci\u00f3n estrat\u00e9gica. Ha liderado proyectos de posicionamiento y storytelling para entidades privadas, p\u00fablicas y organizaciones internacionales, conectando la esencia de las marcas con su prop\u00f3sito a trav\u00e9s de narrativas aut\u00e9nticas. Actualmente es Editora Ejecutiva de la revista Tecnolog\u00eda del Pl\u00e1stico, desde donde impulsa la visibilidad, el marketing de contenidos y la transformaci\u00f3n comunicativa de la industria del pl\u00e1stico en Am\u00e9rica Latina.<\/p>\n<!-- \/wp:paragraph -->\n\n<!-- wp:paragraph -->\n<p><\/p>\n<!-- \/wp:paragraph -->\n\n<!-- wp:buttons {\"align\":\"wide\",\"layout\":{\"type\":\"flex\",\"verticalAlignment\":\"bottom\"}} -->\n<div class=\"wp-block-buttons alignwide\"><!-- wp:button {\"textAlign\":\"center\",\"backgroundColor\":\"vivid-green-cyan\",\"textColor\":\"white\",\"width\":50,\"className\":\"is-style-outline\",\"style\":{\"elements\":{\"link\":{\"color\":{\"text\":\"var:preset|color|white\"}}},\"border\":{\"radius\":\"5px\"},\"typography\":{\"fontSize\":\"16px\"}}} -->\n<div class=\"wp-block-button has-custom-width wp-block-button__width-50 is-style-outline\"><a class=\"wp-block-button__link has-white-color has-vivid-green-cyan-background-color has-text-color has-background has-link-color has-text-align-center has-custom-font-size wp-element-button\" style=\"border-radius:5px;font-size:16px\"><strong>REGISTRATE SIN COSTO<\/strong><\/a><\/div>\n<!-- \/wp:button --><\/div>\n<!-- \/wp:buttons --><\/div>\n<!-- \/wp:column --><\/div>\n<!-- \/wp:columns -->","_et_gb_content_width":"1080","cybocfi_hide_featured_image":"yes","footnotes":""},"categories":[18],"tags":[],"class_list":["post-987497622","post","type-post","status-publish","format-standard","has-post-thumbnail","hentry","category-conferencias"],"yoast_head":"<!-- This site is optimized with the Yoast SEO plugin v26.5 - https:\/\/yoast.com\/wordpress\/plugins\/seo\/ -->\n<title>GN\u00b3 Secado a tres etapas de temperatura para cambios r\u00e1pidos - Expo Pl\u00e1sticos 2027<\/title>\n<meta name=\"robots\" content=\"index, follow, max-snippet:-1, max-image-preview:large, max-video-preview:-1\" \/>\n<link rel=\"canonical\" href=\"https:\/\/expoplasticos.mx\/2026\/gn\u00b3-secado-a-tres-etapas-de-temperatura-para-cambios-rapidos\/\" \/>\n<meta property=\"og:locale\" content=\"es_ES\" \/>\n<meta property=\"og:type\" content=\"article\" \/>\n<meta property=\"og:title\" content=\"GN\u00b3 Secado a tres etapas de temperatura para cambios r\u00e1pidos - Expo Pl\u00e1sticos 2027\" \/>\n<meta property=\"og:description\" content=\"Hoy en d\u00eda, mantener procesos estables ya no depende solo del ojo experto: el volumen de datos es abrumador, la variabilidad es constante y los perfiles operativos cambian r\u00e1pidamente.\" \/>\n<meta property=\"og:url\" content=\"https:\/\/expoplasticos.mx\/2026\/gn\u00b3-secado-a-tres-etapas-de-temperatura-para-cambios-rapidos\/\" \/>\n<meta property=\"og:site_name\" content=\"Expo Pl\u00e1sticos 2027\" \/>\n<meta property=\"article:publisher\" content=\"http:\/\/www.facebook.com\/ExpoPlasticos\" \/>\n<meta property=\"article:published_time\" content=\"2026-03-03T22:46:16+00:00\" \/>\n<meta property=\"article:modified_time\" content=\"2026-03-03T22:46:26+00:00\" \/>\n<meta property=\"og:image\" content=\"https:\/\/expoplasticos.mx\/2026\/wp-content\/uploads\/2025\/11\/Gabriel-Cisneros.webp\" \/>\n\t<meta property=\"og:image:width\" content=\"333\" \/>\n\t<meta property=\"og:image:height\" content=\"394\" \/>\n\t<meta property=\"og:image:type\" content=\"image\/webp\" \/>\n<meta name=\"author\" content=\"daniela\" \/>\n<meta name=\"twitter:card\" content=\"summary_large_image\" \/>\n<meta name=\"twitter:creator\" content=\"@expoplasticos\" \/>\n<meta name=\"twitter:site\" content=\"@expoplasticos\" \/>\n<meta name=\"twitter:label1\" content=\"Escrito por\" \/>\n\t<meta name=\"twitter:data1\" content=\"daniela\" \/>\n\t<meta name=\"twitter:label2\" content=\"Tiempo de lectura\" \/>\n\t<meta name=\"twitter:data2\" content=\"3 minutos\" \/>\n<script type=\"application\/ld+json\" class=\"yoast-schema-graph\">{\"@context\":\"https:\/\/schema.org\",\"@graph\":[{\"@type\":\"Article\",\"@id\":\"https:\/\/expoplasticos.mx\/2026\/gn%c2%b3-secado-a-tres-etapas-de-temperatura-para-cambios-rapidos\/#article\",\"isPartOf\":{\"@id\":\"https:\/\/expoplasticos.mx\/2026\/gn%c2%b3-secado-a-tres-etapas-de-temperatura-para-cambios-rapidos\/\"},\"author\":{\"name\":\"daniela\",\"@id\":\"https:\/\/expoplasticos.mx\/2026\/#\/schema\/person\/c14a8de37d62fa837c48472178d1c081\"},\"headline\":\"GN\u00b3 Secado a tres etapas de temperatura para cambios r\u00e1pidos\",\"datePublished\":\"2026-03-03T22:46:16+00:00\",\"dateModified\":\"2026-03-03T22:46:26+00:00\",\"mainEntityOfPage\":{\"@id\":\"https:\/\/expoplasticos.mx\/2026\/gn%c2%b3-secado-a-tres-etapas-de-temperatura-para-cambios-rapidos\/\"},\"wordCount\":447,\"publisher\":{\"@id\":\"https:\/\/expoplasticos.mx\/2026\/#organization\"},\"image\":{\"@id\":\"https:\/\/expoplasticos.mx\/2026\/gn%c2%b3-secado-a-tres-etapas-de-temperatura-para-cambios-rapidos\/#primaryimage\"},\"thumbnailUrl\":\"https:\/\/expoplasticos.mx\/2026\/wp-content\/uploads\/2025\/11\/Gabriel-Cisneros.webp\",\"articleSection\":[\"CONFERENCIAS\"],\"inLanguage\":\"es\"},{\"@type\":\"WebPage\",\"@id\":\"https:\/\/expoplasticos.mx\/2026\/gn%c2%b3-secado-a-tres-etapas-de-temperatura-para-cambios-rapidos\/\",\"url\":\"https:\/\/expoplasticos.mx\/2026\/gn%c2%b3-secado-a-tres-etapas-de-temperatura-para-cambios-rapidos\/\",\"name\":\"GN\u00b3 Secado a tres etapas de temperatura para cambios r\u00e1pidos - Expo Pl\u00e1sticos 2027\",\"isPartOf\":{\"@id\":\"https:\/\/expoplasticos.mx\/2026\/#website\"},\"primaryImageOfPage\":{\"@id\":\"https:\/\/expoplasticos.mx\/2026\/gn%c2%b3-secado-a-tres-etapas-de-temperatura-para-cambios-rapidos\/#primaryimage\"},\"image\":{\"@id\":\"https:\/\/expoplasticos.mx\/2026\/gn%c2%b3-secado-a-tres-etapas-de-temperatura-para-cambios-rapidos\/#primaryimage\"},\"thumbnailUrl\":\"https:\/\/expoplasticos.mx\/2026\/wp-content\/uploads\/2025\/11\/Gabriel-Cisneros.webp\",\"datePublished\":\"2026-03-03T22:46:16+00:00\",\"dateModified\":\"2026-03-03T22:46:26+00:00\",\"breadcrumb\":{\"@id\":\"https:\/\/expoplasticos.mx\/2026\/gn%c2%b3-secado-a-tres-etapas-de-temperatura-para-cambios-rapidos\/#breadcrumb\"},\"inLanguage\":\"es\",\"potentialAction\":[{\"@type\":\"ReadAction\",\"target\":[\"https:\/\/expoplasticos.mx\/2026\/gn%c2%b3-secado-a-tres-etapas-de-temperatura-para-cambios-rapidos\/\"]}]},{\"@type\":\"BreadcrumbList\",\"@id\":\"https:\/\/expoplasticos.mx\/2026\/gn%c2%b3-secado-a-tres-etapas-de-temperatura-para-cambios-rapidos\/#breadcrumb\",\"itemListElement\":[{\"@type\":\"ListItem\",\"position\":1,\"name\":\"Inicio\",\"item\":\"https:\/\/expoplasticos.mx\/2026\/\"},{\"@type\":\"ListItem\",\"position\":2,\"name\":\"CONFERENCIAS\",\"item\":\"https:\/\/expoplasticos.mx\/2026\/category\/conferencias\/\"},{\"@type\":\"ListItem\",\"position\":3,\"name\":\"GN\u00b3 Secado a tres etapas de temperatura para cambios r\u00e1pidos\"}]},{\"@type\":\"WebSite\",\"@id\":\"https:\/\/expoplasticos.mx\/2026\/#website\",\"url\":\"https:\/\/expoplasticos.mx\/2026\/\",\"name\":\"Expo Pl\u00e1sticos 2026\",\"description\":\"El punto de encuentro para la transformaci\u00f3n de la industria del pl\u00e1stico\",\"publisher\":{\"@id\":\"https:\/\/expoplasticos.mx\/2026\/#organization\"},\"potentialAction\":[{\"@type\":\"SearchAction\",\"target\":{\"@type\":\"EntryPoint\",\"urlTemplate\":\"https:\/\/expoplasticos.mx\/2026\/?s={search_term_string}\"},\"query-input\":{\"@type\":\"PropertyValueSpecification\",\"valueRequired\":true,\"valueName\":\"search_term_string\"}}],\"inLanguage\":\"es\"},{\"@type\":\"Organization\",\"@id\":\"https:\/\/expoplasticos.mx\/2026\/#organization\",\"name\":\"Expo Pl\u00e1sticos 2026\",\"url\":\"https:\/\/expoplasticos.mx\/2026\/\",\"logo\":{\"@type\":\"ImageObject\",\"inLanguage\":\"es\",\"@id\":\"https:\/\/expoplasticos.mx\/2026\/#\/schema\/logo\/image\/\",\"url\":\"https:\/\/expoplasticos.mx\/2026\/wp-content\/uploads\/2025\/10\/EP26_LogYoast.webp\",\"contentUrl\":\"https:\/\/expoplasticos.mx\/2026\/wp-content\/uploads\/2025\/10\/EP26_LogYoast.webp\",\"width\":875,\"height\":286,\"caption\":\"Expo Pl\u00e1sticos 2026\"},\"image\":{\"@id\":\"https:\/\/expoplasticos.mx\/2026\/#\/schema\/logo\/image\/\"},\"sameAs\":[\"http:\/\/www.facebook.com\/ExpoPlasticos\",\"https:\/\/x.com\/expoplasticos\",\"http:\/\/www.instagram.com\/ExpoPlasticos\",\"https:\/\/www.linkedin.com\/company\/expoplasticos\/posts\/?feedView=all\",\"https:\/\/www.youtube.com\/@ExpoPlasticos\"]},{\"@type\":\"Person\",\"@id\":\"https:\/\/expoplasticos.mx\/2026\/#\/schema\/person\/c14a8de37d62fa837c48472178d1c081\",\"name\":\"daniela\",\"image\":{\"@type\":\"ImageObject\",\"inLanguage\":\"es\",\"@id\":\"https:\/\/expoplasticos.mx\/2026\/#\/schema\/person\/image\/\",\"url\":\"https:\/\/secure.gravatar.com\/avatar\/6804e94c76f778ac07bce28b7595d8a0248a29d955fb308ffce6715e3d08c55f?s=96&d=mm&r=g\",\"contentUrl\":\"https:\/\/secure.gravatar.com\/avatar\/6804e94c76f778ac07bce28b7595d8a0248a29d955fb308ffce6715e3d08c55f?s=96&d=mm&r=g\",\"caption\":\"daniela\"},\"sameAs\":[\"http:\/\/expoplasticos.mx\/2026\"]}]}<\/script>\n<!-- \/ Yoast SEO plugin. -->","yoast_head_json":{"title":"GN\u00b3 Secado a tres etapas de temperatura para cambios r\u00e1pidos - Expo Pl\u00e1sticos 2027","robots":{"index":"index","follow":"follow","max-snippet":"max-snippet:-1","max-image-preview":"max-image-preview:large","max-video-preview":"max-video-preview:-1"},"canonical":"https:\/\/expoplasticos.mx\/2026\/gn\u00b3-secado-a-tres-etapas-de-temperatura-para-cambios-rapidos\/","og_locale":"es_ES","og_type":"article","og_title":"GN\u00b3 Secado a tres etapas de temperatura para cambios r\u00e1pidos - Expo Pl\u00e1sticos 2027","og_description":"Hoy en d\u00eda, mantener procesos estables ya no depende solo del ojo experto: el volumen de datos es abrumador, la variabilidad es constante y los perfiles operativos cambian r\u00e1pidamente.","og_url":"https:\/\/expoplasticos.mx\/2026\/gn\u00b3-secado-a-tres-etapas-de-temperatura-para-cambios-rapidos\/","og_site_name":"Expo Pl\u00e1sticos 2027","article_publisher":"http:\/\/www.facebook.com\/ExpoPlasticos","article_published_time":"2026-03-03T22:46:16+00:00","article_modified_time":"2026-03-03T22:46:26+00:00","og_image":[{"width":333,"height":394,"url":"https:\/\/expoplasticos.mx\/2026\/wp-content\/uploads\/2025\/11\/Gabriel-Cisneros.webp","type":"image\/webp"}],"author":"daniela","twitter_card":"summary_large_image","twitter_creator":"@expoplasticos","twitter_site":"@expoplasticos","twitter_misc":{"Escrito por":"daniela","Tiempo de lectura":"3 minutos"},"schema":{"@context":"https:\/\/schema.org","@graph":[{"@type":"Article","@id":"https:\/\/expoplasticos.mx\/2026\/gn%c2%b3-secado-a-tres-etapas-de-temperatura-para-cambios-rapidos\/#article","isPartOf":{"@id":"https:\/\/expoplasticos.mx\/2026\/gn%c2%b3-secado-a-tres-etapas-de-temperatura-para-cambios-rapidos\/"},"author":{"name":"daniela","@id":"https:\/\/expoplasticos.mx\/2026\/#\/schema\/person\/c14a8de37d62fa837c48472178d1c081"},"headline":"GN\u00b3 Secado a tres etapas de temperatura para cambios r\u00e1pidos","datePublished":"2026-03-03T22:46:16+00:00","dateModified":"2026-03-03T22:46:26+00:00","mainEntityOfPage":{"@id":"https:\/\/expoplasticos.mx\/2026\/gn%c2%b3-secado-a-tres-etapas-de-temperatura-para-cambios-rapidos\/"},"wordCount":447,"publisher":{"@id":"https:\/\/expoplasticos.mx\/2026\/#organization"},"image":{"@id":"https:\/\/expoplasticos.mx\/2026\/gn%c2%b3-secado-a-tres-etapas-de-temperatura-para-cambios-rapidos\/#primaryimage"},"thumbnailUrl":"https:\/\/expoplasticos.mx\/2026\/wp-content\/uploads\/2025\/11\/Gabriel-Cisneros.webp","articleSection":["CONFERENCIAS"],"inLanguage":"es"},{"@type":"WebPage","@id":"https:\/\/expoplasticos.mx\/2026\/gn%c2%b3-secado-a-tres-etapas-de-temperatura-para-cambios-rapidos\/","url":"https:\/\/expoplasticos.mx\/2026\/gn%c2%b3-secado-a-tres-etapas-de-temperatura-para-cambios-rapidos\/","name":"GN\u00b3 Secado a tres etapas de temperatura para cambios r\u00e1pidos - Expo Pl\u00e1sticos 2027","isPartOf":{"@id":"https:\/\/expoplasticos.mx\/2026\/#website"},"primaryImageOfPage":{"@id":"https:\/\/expoplasticos.mx\/2026\/gn%c2%b3-secado-a-tres-etapas-de-temperatura-para-cambios-rapidos\/#primaryimage"},"image":{"@id":"https:\/\/expoplasticos.mx\/2026\/gn%c2%b3-secado-a-tres-etapas-de-temperatura-para-cambios-rapidos\/#primaryimage"},"thumbnailUrl":"https:\/\/expoplasticos.mx\/2026\/wp-content\/uploads\/2025\/11\/Gabriel-Cisneros.webp","datePublished":"2026-03-03T22:46:16+00:00","dateModified":"2026-03-03T22:46:26+00:00","breadcrumb":{"@id":"https:\/\/expoplasticos.mx\/2026\/gn%c2%b3-secado-a-tres-etapas-de-temperatura-para-cambios-rapidos\/#breadcrumb"},"inLanguage":"es","potentialAction":[{"@type":"ReadAction","target":["https:\/\/expoplasticos.mx\/2026\/gn%c2%b3-secado-a-tres-etapas-de-temperatura-para-cambios-rapidos\/"]}]},{"@type":"BreadcrumbList","@id":"https:\/\/expoplasticos.mx\/2026\/gn%c2%b3-secado-a-tres-etapas-de-temperatura-para-cambios-rapidos\/#breadcrumb","itemListElement":[{"@type":"ListItem","position":1,"name":"Inicio","item":"https:\/\/expoplasticos.mx\/2026\/"},{"@type":"ListItem","position":2,"name":"CONFERENCIAS","item":"https:\/\/expoplasticos.mx\/2026\/category\/conferencias\/"},{"@type":"ListItem","position":3,"name":"GN\u00b3 Secado a tres etapas de temperatura para cambios r\u00e1pidos"}]},{"@type":"WebSite","@id":"https:\/\/expoplasticos.mx\/2026\/#website","url":"https:\/\/expoplasticos.mx\/2026\/","name":"Expo Pl\u00e1sticos 2026","description":"El punto de encuentro para la transformaci\u00f3n de la industria del pl\u00e1stico","publisher":{"@id":"https:\/\/expoplasticos.mx\/2026\/#organization"},"potentialAction":[{"@type":"SearchAction","target":{"@type":"EntryPoint","urlTemplate":"https:\/\/expoplasticos.mx\/2026\/?s={search_term_string}"},"query-input":{"@type":"PropertyValueSpecification","valueRequired":true,"valueName":"search_term_string"}}],"inLanguage":"es"},{"@type":"Organization","@id":"https:\/\/expoplasticos.mx\/2026\/#organization","name":"Expo Pl\u00e1sticos 2026","url":"https:\/\/expoplasticos.mx\/2026\/","logo":{"@type":"ImageObject","inLanguage":"es","@id":"https:\/\/expoplasticos.mx\/2026\/#\/schema\/logo\/image\/","url":"https:\/\/expoplasticos.mx\/2026\/wp-content\/uploads\/2025\/10\/EP26_LogYoast.webp","contentUrl":"https:\/\/expoplasticos.mx\/2026\/wp-content\/uploads\/2025\/10\/EP26_LogYoast.webp","width":875,"height":286,"caption":"Expo Pl\u00e1sticos 2026"},"image":{"@id":"https:\/\/expoplasticos.mx\/2026\/#\/schema\/logo\/image\/"},"sameAs":["http:\/\/www.facebook.com\/ExpoPlasticos","https:\/\/x.com\/expoplasticos","http:\/\/www.instagram.com\/ExpoPlasticos","https:\/\/www.linkedin.com\/company\/expoplasticos\/posts\/?feedView=all","https:\/\/www.youtube.com\/@ExpoPlasticos"]},{"@type":"Person","@id":"https:\/\/expoplasticos.mx\/2026\/#\/schema\/person\/c14a8de37d62fa837c48472178d1c081","name":"daniela","image":{"@type":"ImageObject","inLanguage":"es","@id":"https:\/\/expoplasticos.mx\/2026\/#\/schema\/person\/image\/","url":"https:\/\/secure.gravatar.com\/avatar\/6804e94c76f778ac07bce28b7595d8a0248a29d955fb308ffce6715e3d08c55f?s=96&d=mm&r=g","contentUrl":"https:\/\/secure.gravatar.com\/avatar\/6804e94c76f778ac07bce28b7595d8a0248a29d955fb308ffce6715e3d08c55f?s=96&d=mm&r=g","caption":"daniela"},"sameAs":["http:\/\/expoplasticos.mx\/2026"]}]}},"_links":{"self":[{"href":"https:\/\/expoplasticos.mx\/2026\/wp-json\/wp\/v2\/posts\/987497622","targetHints":{"allow":["GET"]}}],"collection":[{"href":"https:\/\/expoplasticos.mx\/2026\/wp-json\/wp\/v2\/posts"}],"about":[{"href":"https:\/\/expoplasticos.mx\/2026\/wp-json\/wp\/v2\/types\/post"}],"author":[{"embeddable":true,"href":"https:\/\/expoplasticos.mx\/2026\/wp-json\/wp\/v2\/users\/1"}],"replies":[{"embeddable":true,"href":"https:\/\/expoplasticos.mx\/2026\/wp-json\/wp\/v2\/comments?post=987497622"}],"version-history":[{"count":1,"href":"https:\/\/expoplasticos.mx\/2026\/wp-json\/wp\/v2\/posts\/987497622\/revisions"}],"predecessor-version":[{"id":987497628,"href":"https:\/\/expoplasticos.mx\/2026\/wp-json\/wp\/v2\/posts\/987497622\/revisions\/987497628"}],"wp:featuredmedia":[{"embeddable":true,"href":"https:\/\/expoplasticos.mx\/2026\/wp-json\/wp\/v2\/media\/987494615"}],"wp:attachment":[{"href":"https:\/\/expoplasticos.mx\/2026\/wp-json\/wp\/v2\/media?parent=987497622"}],"wp:term":[{"taxonomy":"category","embeddable":true,"href":"https:\/\/expoplasticos.mx\/2026\/wp-json\/wp\/v2\/categories?post=987497622"},{"taxonomy":"post_tag","embeddable":true,"href":"https:\/\/expoplasticos.mx\/2026\/wp-json\/wp\/v2\/tags?post=987497622"}],"curies":[{"name":"wp","href":"https:\/\/api.w.org\/{rel}","templated":true}]}}