{"id":987497602,"date":"2026-02-24T16:32:18","date_gmt":"2026-02-24T16:32:18","guid":{"rendered":"https:\/\/expoplasticos.mx\/2026\/?p=987497602"},"modified":"2026-03-03T16:35:12","modified_gmt":"2026-03-03T16:35:12","slug":"entrevista-a-yoel-vaca-director-comercial-de-wittmann","status":"publish","type":"post","link":"https:\/\/expoplasticos.mx\/2026\/entrevista-a-yoel-vaca-director-comercial-de-wittmann\/","title":{"rendered":"Entrevista a Yoel Vaca, director comercial de Wittmann"},"content":{"rendered":"\n<h3 class=\"wp-block-heading\">\u201cAdaptarse tecnol\u00f3gicamente ya no es opcional, es una condici\u00f3n de supervivencia\u201d<\/h3>\n\n\n\n<p>Tras varios ejercicios marcados por la incertidumbre, 2025 ha supuesto un punto de inflexi\u00f3n para la transformaci\u00f3n del pl\u00e1stico. Yoel Vaca, director comercial de<a href=\"https:\/\/www.wittmann-group.com\/es\" target=\"_blank\" rel=\"noreferrer noopener\"> Wittmann<\/a>, analiza la recuperaci\u00f3n progresiva de la demanda, el papel de la automatizaci\u00f3n y las soluciones integrales llave en mano, as\u00ed como el impacto de la coyuntura geopol\u00edtica en la competitividad industrial europea. De cara a 2026, el sector afronta un escenario de consolidaci\u00f3n estable, con biomateriales, automatizaci\u00f3n e inteligencia artificial como ejes de evoluci\u00f3n.&nbsp;<\/p>\n\n\n\n<h3 class=\"wp-block-heading\" id=\"part5432215\">\u00bfQu\u00e9 balance hace de 2025 para la industria de la transformaci\u00f3n del pl\u00e1stico en su conjunto?<\/h3>\n\n\n\n<p>El balance de 2025 ha logrado superar las expectativas iniciales, siendo un a\u00f1o positivo para la industria. Aun teniendo en cuenta el contexto actual, se ha conseguido romper la tendencia negativa de los \u00faltimos a\u00f1os, proporcionando aire fresco al mercado.<\/p>\n\n\n\n<p>El ejercicio comenz\u00f3 al ralent\u00ed, todav\u00eda condicionado por la desaceleraci\u00f3n previa y por el entorno internacional. Sin embargo, a partir del segundo trimestre se materializ\u00f3 una recuperaci\u00f3n progresiva de la demanda que termin\u00f3 sorprendiendo al alza. Las inversiones que permanec\u00edan en espera empezaron a reactivarse, especialmente en proyectos vinculados a la modernizaci\u00f3n del parque de maquinaria, la automatizaci\u00f3n y la eficiencia.<\/p>\n\n\n\n<p>El comportamiento ha seguido siendo desigual por sectores. Algunos, menos expuestos a las inclemencias externas y con consumos m\u00e1s estables, como packaging y medical, han mostrado mayor fortaleza. En cambio, automoci\u00f3n y construcci\u00f3n contin\u00faan atravesando procesos de transformaci\u00f3n estructural y mayor presi\u00f3n de mercado.<\/p>\n\n\n\n<p>En el \u00e1mbito regulatorio, Europa mantiene un papel de liderazgo, especialmente en pol\u00edticas ambientales. No obstante, si esta posici\u00f3n no se acompa\u00f1a y armoniza con el resto de grandes econom\u00edas, como Estados Unidos o China, existe el riesgo de erosionar la competitividad industrial europea. Es necesario redefinir una transici\u00f3n que sea viable y sostenible tambi\u00e9n desde el punto de vista econ\u00f3mico.<\/p>\n\n\n\n<p>En conjunto, 2025 ha sido un a\u00f1o favorable que ha permitido romper una tendencia negativa y encarar un nuevo ejercicio con perspectivas de consolidaci\u00f3n.<\/p>\n\n\n\n<h3 class=\"wp-block-heading\" id=\"part5432217\">\u00bfC\u00f3mo ha evolucionado su empresa a lo largo de 2025 en este contexto de mercado?<\/h3>\n\n\n\n<p>Gracias al amplio portfolio del Grupo Wittmann, que abarca desde la m\u00e1quina de inyecci\u00f3n hasta la c\u00e9lula automatizada con robot e integra todos los perif\u00e9ricos de proceso, hemos podido adaptarnos con gran flexibilidad a un entorno irregular.<\/p>\n\n\n\n<p>En los momentos de menor actividad, esta diversidad de soluciones ha permitido reorientar recursos hacia sectores m\u00e1s din\u00e1micos, desplegando soluciones completas llave en mano. La c\u00e9lula 4.0 totalmente integrada constituye una de las grandes ventajas competitivas del Grupo.<\/p>\n\n\n\n<p>Adem\u00e1s, hemos detectado un cambio en el proceso de decisi\u00f3n de compra. La adquisici\u00f3n ya no se percibe \u00fanicamente como la compra de una m\u00e1quina, sino como la incorporaci\u00f3n de una soluci\u00f3n integral y de un socio tecnol\u00f3gico de confianza. Poder suministrar la c\u00e9lula completa desde Wittmann simplifica la gesti\u00f3n del cliente y garantiza eficiencia, seguridad, estabilidad del proceso y m\u00e1xima productividad.<\/p>\n\n\n\n<p>Nuestra presencia internacional, con plantas de producci\u00f3n propias en los principales continentes, ha sido clave en 2025. Nos ha permitido responder con agilidad a los requerimientos locales sin renunciar a nuestros est\u00e1ndares de calidad e innovaci\u00f3n. Ha sido un ejercicio exigente, pero tambi\u00e9n un a\u00f1o en el que se ha evidenciado la solidez estructural y el posicionamiento estrat\u00e9gico de nuestras tecnolog\u00edas.<\/p>\n\n\n\n<h3 class=\"wp-block-heading\" id=\"part5432220\">De cara a 2026, \u00bfprev\u00e9 un escenario favorable para el sector de la transformaci\u00f3n del pl\u00e1stico?<\/h3>\n\n\n\n<p>Siguiendo la inercia de 2025, visualizamos 2026 como un a\u00f1o de consolidaci\u00f3n estable. Puede ser un ejercicio para asentar el nivel alcanzado en un entorno que sigue tensionado, por lo que debemos mantener un optimismo moderado.<\/p>\n\n\n\n<p>La industria europea ha demostrado en los \u00faltimos a\u00f1os una notable capacidad de adaptaci\u00f3n a los cambios en los flujos de demanda. Las empresas que hab\u00edan invertido en automatizaci\u00f3n, digitalizaci\u00f3n y eficiencia energ\u00e9tica han logrado mantenerse s\u00f3lidas e incluso crecer en momentos complejos.<\/p>\n\n\n\n<p>Un elemento relevante ha sido la reactivaci\u00f3n progresiva del motor industrial alem\u00e1n durante el \u00faltimo trimestre de 2025, impulsada por medidas de apoyo e incentivos a la inversi\u00f3n. Alemania sigue siendo un term\u00f3metro clave para la industria europea, por lo que esta evoluci\u00f3n representa una se\u00f1al positiva para el conjunto del continente.<\/p>\n\n\n\n<p>En definitiva, afrontamos 2026 con un optimismo prudente, dentro del ciclo natural de adaptaci\u00f3n del mercado.<\/p>\n\n\n\n<h3 class=\"wp-block-heading\" id=\"part5432222\">\u00bfEn qu\u00e9 medida la situaci\u00f3n geopol\u00edtica internacional est\u00e1 influyendo en su actividad, tanto en costes, suministro de materiales o decisiones de inversi\u00f3n?<\/h3>\n\n\n\n<p>La escalada inflacionaria derivada en gran parte del incremento de los costes energ\u00e9ticos tension\u00f3 toda la cadena de valor industrial. En apenas tres a\u00f1os, el sistema absorbi\u00f3 incrementos de costes que, en algunos casos, se aproximaron a un tercio de la estructura anterior. Esto comprimi\u00f3 m\u00e1rgenes y provoc\u00f3 la postergaci\u00f3n de inversiones.<\/p>\n\n\n\n<p>Posteriormente, las tensiones comerciales, las pol\u00edticas arancelarias y los conflictos internacionales a\u00f1adieron un factor adicional de incertidumbre.<\/p>\n\n\n\n<p>Desde el Grupo Wittmann hemos abordado este escenario como una oportunidad de adaptaci\u00f3n estrat\u00e9gica. Nuestra condici\u00f3n de empresa familiar con estructura comercial internacional, junto con la producci\u00f3n descentralizada y la proximidad al cliente, nos ha permitido mitigar riesgos y mantener nuestra posici\u00f3n de referencia.<\/p>\n\n\n\n<p>Asimismo, hemos identificado nichos de demanda con necesidades t\u00e9cnicas espec\u00edficas y proyectos de relocalizaci\u00f3n industrial en los que la capacidad de ofrecer soluciones completas e integradas ha resultado determinante.<\/p>\n\n\n\n<h3 class=\"wp-block-heading\" id=\"part5432225\">\u00bfDetecta una mayor demanda por parte del mercado de soluciones tecnol\u00f3gicas m\u00e1s avanzadas, eficientes o sostenibles?<\/h3>\n\n\n\n<p>La demanda es clara. La industria ha interiorizado que la adaptaci\u00f3n tecnol\u00f3gica no es opcional. La cuesti\u00f3n ya no es si invertir o no, sino cu\u00e1ndo y con qu\u00e9 rapidez hacerlo.<\/p>\n\n\n\n<p>En los \u00faltimos a\u00f1os hemos visto c\u00f3mo compa\u00f1\u00edas hist\u00f3ricas que no acometieron su transformaci\u00f3n tecnol\u00f3gica han quedado fuera del mercado. Paralelamente, han surgido nuevas empresas con una mentalidad orientada al futuro, que integran desde su origen automatizaci\u00f3n, control de datos y eficiencia energ\u00e9tica como parte de su modelo productivo.<\/p>\n\n\n\n<p>El acceso a la informaci\u00f3n y el asesoramiento especializado permiten que cada vez m\u00e1s proyectos incorporen la innovaci\u00f3n desde su fase inicial, con planes de inversi\u00f3n progresivos orientados a objetivos estrat\u00e9gicos a largo plazo.<\/p>\n\n\n\n<h3 class=\"wp-block-heading\" id=\"part5432227\">\u00bfQu\u00e9 tendencias tecnol\u00f3gicas o de mercado considera que marcar\u00e1n la evoluci\u00f3n del sector del pl\u00e1stico en 2026?<\/h3>\n\n\n\n<p>Los biomateriales y los materiales reciclados seguir\u00e1n ganando protagonismo, incluso en aplicaciones donde anteriormente no eran una opci\u00f3n. El reto ser\u00e1 disponer de maquinaria capaz de trabajar en ventanas de proceso m\u00e1s exigentes, con alta repetibilidad, precisi\u00f3n y control.<\/p>\n\n\n\n<p>En paralelo, la automatizaci\u00f3n avanzada de procesos cobrar\u00e1 a\u00fan mayor relevancia. La dificultad para encontrar mano de obra cualificada y la presi\u00f3n sobre las estructuras de costes impulsar\u00e1n la automatizaci\u00f3n de c\u00e9lulas con robots dentro del conjunto de inversiones.<\/p>\n\n\n\n<p>Por \u00faltimo, la inteligencia artificial aplicada a la transformaci\u00f3n del pl\u00e1stico comenzar\u00e1 a consolidarse como herramienta real de optimizaci\u00f3n: ajuste autom\u00e1tico de par\u00e1metros, detecci\u00f3n proactiva de errores, mantenimiento predictivo y mejora continua del rendimiento de m\u00e1quinas, robots y perif\u00e9ricos. Se abre as\u00ed una nueva etapa tecnol\u00f3gica para el sector.<\/p>\n\n\n\n<p>Fuente: <a href=\"https:\/\/www.interempresas.net\/Plastico\/622598-Entrevista-a-Yoel-Vaca-director-comercial-de-Wittmann.html\" target=\"_blank\" rel=\"noreferrer noopener\">https:\/\/www.interempresas.net\/<\/a><\/p>\n","protected":false},"excerpt":{"rendered":"<p>\u201cAdaptarse tecnol\u00f3gicamente ya no es opcional, es una condici\u00f3n de supervivencia\u201d Tras varios ejercicios marcados por la incertidumbre, 2025 ha supuesto un punto de inflexi\u00f3n para la transformaci\u00f3n del pl\u00e1stico. Yoel Vaca, director comercial de Wittmann, analiza la recuperaci\u00f3n progresiva de la demanda, el papel de la automatizaci\u00f3n y las soluciones integrales llave en mano, [&hellip;]<\/p>\n","protected":false},"author":1,"featured_media":987497603,"comment_status":"closed","ping_status":"closed","sticky":false,"template":"","format":"standard","meta":{"_et_pb_use_builder":"off","_et_pb_old_content":"","_et_gb_content_width":"1080","cybocfi_hide_featured_image":"","footnotes":""},"categories":[19],"tags":[],"class_list":["post-987497602","post","type-post","status-publish","format-standard","has-post-thumbnail","hentry","category-noticias"],"yoast_head":"<!-- This site is optimized with the Yoast SEO plugin v26.5 - https:\/\/yoast.com\/wordpress\/plugins\/seo\/ -->\n<title>Entrevista a Yoel Vaca, director comercial de Wittmann - Expo Pl\u00e1sticos 2027<\/title>\n<meta name=\"description\" content=\"\u201cAdaptarse tecnol\u00f3gicamente ya no es opcional, es una condici\u00f3n de supervivencia\u201d\" \/>\n<meta name=\"robots\" content=\"index, follow, max-snippet:-1, max-image-preview:large, max-video-preview:-1\" \/>\n<link rel=\"canonical\" href=\"https:\/\/expoplasticos.mx\/2026\/entrevista-a-yoel-vaca-director-comercial-de-wittmann\/\" \/>\n<meta property=\"og:locale\" content=\"es_ES\" \/>\n<meta property=\"og:type\" content=\"article\" \/>\n<meta property=\"og:title\" content=\"Entrevista a Yoel Vaca, director comercial de Wittmann\" \/>\n<meta property=\"og:description\" content=\"\u201cAdaptarse tecnol\u00f3gicamente ya no es opcional, es una condici\u00f3n de supervivencia\u201d\" \/>\n<meta property=\"og:url\" content=\"https:\/\/expoplasticos.mx\/2026\/entrevista-a-yoel-vaca-director-comercial-de-wittmann\/\" \/>\n<meta property=\"og:site_name\" content=\"Expo Pl\u00e1sticos 2027\" \/>\n<meta property=\"article:publisher\" content=\"http:\/\/www.facebook.com\/ExpoPlasticos\" \/>\n<meta property=\"article:published_time\" content=\"2026-02-24T16:32:18+00:00\" \/>\n<meta property=\"article:modified_time\" content=\"2026-03-03T16:35:12+00:00\" \/>\n<meta property=\"og:image\" content=\"https:\/\/expoplasticos.mx\/2026\/wp-content\/uploads\/2026\/03\/Blog_24Febrero2026.webp\" \/>\n\t<meta property=\"og:image:width\" content=\"1200\" \/>\n\t<meta property=\"og:image:height\" content=\"500\" \/>\n\t<meta property=\"og:image:type\" content=\"image\/webp\" \/>\n<meta name=\"author\" content=\"daniela\" \/>\n<meta name=\"twitter:card\" content=\"summary_large_image\" \/>\n<meta name=\"twitter:title\" content=\"Entrevista a Yoel Vaca, director comercial de Wittmann\" \/>\n<meta name=\"twitter:description\" content=\"\u201cAdaptarse tecnol\u00f3gicamente ya no es opcional, es una condici\u00f3n de supervivencia\u201d\" \/>\n<meta name=\"twitter:image\" content=\"https:\/\/expoplasticos.mx\/2026\/wp-content\/uploads\/2026\/03\/Blog_24Febrero2026.webp\" \/>\n<meta name=\"twitter:creator\" content=\"@expoplasticos\" \/>\n<meta name=\"twitter:site\" content=\"@expoplasticos\" \/>\n<meta name=\"twitter:label1\" content=\"Escrito por\" \/>\n\t<meta name=\"twitter:data1\" content=\"daniela\" \/>\n\t<meta name=\"twitter:label2\" content=\"Tiempo de lectura\" \/>\n\t<meta name=\"twitter:data2\" content=\"6 minutos\" \/>\n<script type=\"application\/ld+json\" class=\"yoast-schema-graph\">{\"@context\":\"https:\/\/schema.org\",\"@graph\":[{\"@type\":\"Article\",\"@id\":\"https:\/\/expoplasticos.mx\/2026\/entrevista-a-yoel-vaca-director-comercial-de-wittmann\/#article\",\"isPartOf\":{\"@id\":\"https:\/\/expoplasticos.mx\/2026\/entrevista-a-yoel-vaca-director-comercial-de-wittmann\/\"},\"author\":{\"name\":\"daniela\",\"@id\":\"https:\/\/expoplasticos.mx\/2026\/#\/schema\/person\/c14a8de37d62fa837c48472178d1c081\"},\"headline\":\"Entrevista a Yoel Vaca, director comercial de Wittmann\",\"datePublished\":\"2026-02-24T16:32:18+00:00\",\"dateModified\":\"2026-03-03T16:35:12+00:00\",\"mainEntityOfPage\":{\"@id\":\"https:\/\/expoplasticos.mx\/2026\/entrevista-a-yoel-vaca-director-comercial-de-wittmann\/\"},\"wordCount\":1288,\"publisher\":{\"@id\":\"https:\/\/expoplasticos.mx\/2026\/#organization\"},\"image\":{\"@id\":\"https:\/\/expoplasticos.mx\/2026\/entrevista-a-yoel-vaca-director-comercial-de-wittmann\/#primaryimage\"},\"thumbnailUrl\":\"https:\/\/expoplasticos.mx\/2026\/wp-content\/uploads\/2026\/03\/Blog_24Febrero2026.webp\",\"articleSection\":[\"NOTICIAS\"],\"inLanguage\":\"es\"},{\"@type\":\"WebPage\",\"@id\":\"https:\/\/expoplasticos.mx\/2026\/entrevista-a-yoel-vaca-director-comercial-de-wittmann\/\",\"url\":\"https:\/\/expoplasticos.mx\/2026\/entrevista-a-yoel-vaca-director-comercial-de-wittmann\/\",\"name\":\"Entrevista a Yoel Vaca, director comercial de Wittmann - Expo Pl\u00e1sticos 2027\",\"isPartOf\":{\"@id\":\"https:\/\/expoplasticos.mx\/2026\/#website\"},\"primaryImageOfPage\":{\"@id\":\"https:\/\/expoplasticos.mx\/2026\/entrevista-a-yoel-vaca-director-comercial-de-wittmann\/#primaryimage\"},\"image\":{\"@id\":\"https:\/\/expoplasticos.mx\/2026\/entrevista-a-yoel-vaca-director-comercial-de-wittmann\/#primaryimage\"},\"thumbnailUrl\":\"https:\/\/expoplasticos.mx\/2026\/wp-content\/uploads\/2026\/03\/Blog_24Febrero2026.webp\",\"datePublished\":\"2026-02-24T16:32:18+00:00\",\"dateModified\":\"2026-03-03T16:35:12+00:00\",\"description\":\"\u201cAdaptarse tecnol\u00f3gicamente ya no es opcional, es una condici\u00f3n de supervivencia\u201d\",\"breadcrumb\":{\"@id\":\"https:\/\/expoplasticos.mx\/2026\/entrevista-a-yoel-vaca-director-comercial-de-wittmann\/#breadcrumb\"},\"inLanguage\":\"es\",\"potentialAction\":[{\"@type\":\"ReadAction\",\"target\":[\"https:\/\/expoplasticos.mx\/2026\/entrevista-a-yoel-vaca-director-comercial-de-wittmann\/\"]}]},{\"@type\":\"ImageObject\",\"inLanguage\":\"es\",\"@id\":\"https:\/\/expoplasticos.mx\/2026\/entrevista-a-yoel-vaca-director-comercial-de-wittmann\/#primaryimage\",\"url\":\"https:\/\/expoplasticos.mx\/2026\/wp-content\/uploads\/2026\/03\/Blog_24Febrero2026.webp\",\"contentUrl\":\"https:\/\/expoplasticos.mx\/2026\/wp-content\/uploads\/2026\/03\/Blog_24Febrero2026.webp\",\"width\":1200,\"height\":500},{\"@type\":\"BreadcrumbList\",\"@id\":\"https:\/\/expoplasticos.mx\/2026\/entrevista-a-yoel-vaca-director-comercial-de-wittmann\/#breadcrumb\",\"itemListElement\":[{\"@type\":\"ListItem\",\"position\":1,\"name\":\"Inicio\",\"item\":\"https:\/\/expoplasticos.mx\/2026\/\"},{\"@type\":\"ListItem\",\"position\":2,\"name\":\"NOTICIAS\",\"item\":\"https:\/\/expoplasticos.mx\/2026\/category\/noticias\/\"},{\"@type\":\"ListItem\",\"position\":3,\"name\":\"Entrevista a Yoel Vaca, director comercial de Wittmann\"}]},{\"@type\":\"WebSite\",\"@id\":\"https:\/\/expoplasticos.mx\/2026\/#website\",\"url\":\"https:\/\/expoplasticos.mx\/2026\/\",\"name\":\"Expo Pl\u00e1sticos 2026\",\"description\":\"El punto de encuentro para la transformaci\u00f3n de la industria del pl\u00e1stico\",\"publisher\":{\"@id\":\"https:\/\/expoplasticos.mx\/2026\/#organization\"},\"potentialAction\":[{\"@type\":\"SearchAction\",\"target\":{\"@type\":\"EntryPoint\",\"urlTemplate\":\"https:\/\/expoplasticos.mx\/2026\/?s={search_term_string}\"},\"query-input\":{\"@type\":\"PropertyValueSpecification\",\"valueRequired\":true,\"valueName\":\"search_term_string\"}}],\"inLanguage\":\"es\"},{\"@type\":\"Organization\",\"@id\":\"https:\/\/expoplasticos.mx\/2026\/#organization\",\"name\":\"Expo Pl\u00e1sticos 2026\",\"url\":\"https:\/\/expoplasticos.mx\/2026\/\",\"logo\":{\"@type\":\"ImageObject\",\"inLanguage\":\"es\",\"@id\":\"https:\/\/expoplasticos.mx\/2026\/#\/schema\/logo\/image\/\",\"url\":\"https:\/\/expoplasticos.mx\/2026\/wp-content\/uploads\/2025\/10\/EP26_LogYoast.webp\",\"contentUrl\":\"https:\/\/expoplasticos.mx\/2026\/wp-content\/uploads\/2025\/10\/EP26_LogYoast.webp\",\"width\":875,\"height\":286,\"caption\":\"Expo Pl\u00e1sticos 2026\"},\"image\":{\"@id\":\"https:\/\/expoplasticos.mx\/2026\/#\/schema\/logo\/image\/\"},\"sameAs\":[\"http:\/\/www.facebook.com\/ExpoPlasticos\",\"https:\/\/x.com\/expoplasticos\",\"http:\/\/www.instagram.com\/ExpoPlasticos\",\"https:\/\/www.linkedin.com\/company\/expoplasticos\/posts\/?feedView=all\",\"https:\/\/www.youtube.com\/@ExpoPlasticos\"]},{\"@type\":\"Person\",\"@id\":\"https:\/\/expoplasticos.mx\/2026\/#\/schema\/person\/c14a8de37d62fa837c48472178d1c081\",\"name\":\"daniela\",\"image\":{\"@type\":\"ImageObject\",\"inLanguage\":\"es\",\"@id\":\"https:\/\/expoplasticos.mx\/2026\/#\/schema\/person\/image\/\",\"url\":\"https:\/\/secure.gravatar.com\/avatar\/6804e94c76f778ac07bce28b7595d8a0248a29d955fb308ffce6715e3d08c55f?s=96&d=mm&r=g\",\"contentUrl\":\"https:\/\/secure.gravatar.com\/avatar\/6804e94c76f778ac07bce28b7595d8a0248a29d955fb308ffce6715e3d08c55f?s=96&d=mm&r=g\",\"caption\":\"daniela\"},\"sameAs\":[\"http:\/\/expoplasticos.mx\/2026\"]}]}<\/script>\n<!-- \/ Yoast SEO plugin. -->","yoast_head_json":{"title":"Entrevista a Yoel Vaca, director comercial de Wittmann - Expo Pl\u00e1sticos 2027","description":"\u201cAdaptarse tecnol\u00f3gicamente ya no es opcional, es una condici\u00f3n de supervivencia\u201d","robots":{"index":"index","follow":"follow","max-snippet":"max-snippet:-1","max-image-preview":"max-image-preview:large","max-video-preview":"max-video-preview:-1"},"canonical":"https:\/\/expoplasticos.mx\/2026\/entrevista-a-yoel-vaca-director-comercial-de-wittmann\/","og_locale":"es_ES","og_type":"article","og_title":"Entrevista a Yoel Vaca, director comercial de Wittmann","og_description":"\u201cAdaptarse tecnol\u00f3gicamente ya no es opcional, es una condici\u00f3n de supervivencia\u201d","og_url":"https:\/\/expoplasticos.mx\/2026\/entrevista-a-yoel-vaca-director-comercial-de-wittmann\/","og_site_name":"Expo Pl\u00e1sticos 2027","article_publisher":"http:\/\/www.facebook.com\/ExpoPlasticos","article_published_time":"2026-02-24T16:32:18+00:00","article_modified_time":"2026-03-03T16:35:12+00:00","og_image":[{"width":1200,"height":500,"url":"https:\/\/expoplasticos.mx\/2026\/wp-content\/uploads\/2026\/03\/Blog_24Febrero2026.webp","type":"image\/webp"}],"author":"daniela","twitter_card":"summary_large_image","twitter_title":"Entrevista a Yoel Vaca, director comercial de Wittmann","twitter_description":"\u201cAdaptarse tecnol\u00f3gicamente ya no es opcional, es una condici\u00f3n de supervivencia\u201d","twitter_image":"https:\/\/expoplasticos.mx\/2026\/wp-content\/uploads\/2026\/03\/Blog_24Febrero2026.webp","twitter_creator":"@expoplasticos","twitter_site":"@expoplasticos","twitter_misc":{"Escrito por":"daniela","Tiempo de lectura":"6 minutos"},"schema":{"@context":"https:\/\/schema.org","@graph":[{"@type":"Article","@id":"https:\/\/expoplasticos.mx\/2026\/entrevista-a-yoel-vaca-director-comercial-de-wittmann\/#article","isPartOf":{"@id":"https:\/\/expoplasticos.mx\/2026\/entrevista-a-yoel-vaca-director-comercial-de-wittmann\/"},"author":{"name":"daniela","@id":"https:\/\/expoplasticos.mx\/2026\/#\/schema\/person\/c14a8de37d62fa837c48472178d1c081"},"headline":"Entrevista a Yoel Vaca, director comercial de Wittmann","datePublished":"2026-02-24T16:32:18+00:00","dateModified":"2026-03-03T16:35:12+00:00","mainEntityOfPage":{"@id":"https:\/\/expoplasticos.mx\/2026\/entrevista-a-yoel-vaca-director-comercial-de-wittmann\/"},"wordCount":1288,"publisher":{"@id":"https:\/\/expoplasticos.mx\/2026\/#organization"},"image":{"@id":"https:\/\/expoplasticos.mx\/2026\/entrevista-a-yoel-vaca-director-comercial-de-wittmann\/#primaryimage"},"thumbnailUrl":"https:\/\/expoplasticos.mx\/2026\/wp-content\/uploads\/2026\/03\/Blog_24Febrero2026.webp","articleSection":["NOTICIAS"],"inLanguage":"es"},{"@type":"WebPage","@id":"https:\/\/expoplasticos.mx\/2026\/entrevista-a-yoel-vaca-director-comercial-de-wittmann\/","url":"https:\/\/expoplasticos.mx\/2026\/entrevista-a-yoel-vaca-director-comercial-de-wittmann\/","name":"Entrevista a Yoel Vaca, director comercial de Wittmann - Expo Pl\u00e1sticos 2027","isPartOf":{"@id":"https:\/\/expoplasticos.mx\/2026\/#website"},"primaryImageOfPage":{"@id":"https:\/\/expoplasticos.mx\/2026\/entrevista-a-yoel-vaca-director-comercial-de-wittmann\/#primaryimage"},"image":{"@id":"https:\/\/expoplasticos.mx\/2026\/entrevista-a-yoel-vaca-director-comercial-de-wittmann\/#primaryimage"},"thumbnailUrl":"https:\/\/expoplasticos.mx\/2026\/wp-content\/uploads\/2026\/03\/Blog_24Febrero2026.webp","datePublished":"2026-02-24T16:32:18+00:00","dateModified":"2026-03-03T16:35:12+00:00","description":"\u201cAdaptarse tecnol\u00f3gicamente ya no es opcional, es una condici\u00f3n de supervivencia\u201d","breadcrumb":{"@id":"https:\/\/expoplasticos.mx\/2026\/entrevista-a-yoel-vaca-director-comercial-de-wittmann\/#breadcrumb"},"inLanguage":"es","potentialAction":[{"@type":"ReadAction","target":["https:\/\/expoplasticos.mx\/2026\/entrevista-a-yoel-vaca-director-comercial-de-wittmann\/"]}]},{"@type":"ImageObject","inLanguage":"es","@id":"https:\/\/expoplasticos.mx\/2026\/entrevista-a-yoel-vaca-director-comercial-de-wittmann\/#primaryimage","url":"https:\/\/expoplasticos.mx\/2026\/wp-content\/uploads\/2026\/03\/Blog_24Febrero2026.webp","contentUrl":"https:\/\/expoplasticos.mx\/2026\/wp-content\/uploads\/2026\/03\/Blog_24Febrero2026.webp","width":1200,"height":500},{"@type":"BreadcrumbList","@id":"https:\/\/expoplasticos.mx\/2026\/entrevista-a-yoel-vaca-director-comercial-de-wittmann\/#breadcrumb","itemListElement":[{"@type":"ListItem","position":1,"name":"Inicio","item":"https:\/\/expoplasticos.mx\/2026\/"},{"@type":"ListItem","position":2,"name":"NOTICIAS","item":"https:\/\/expoplasticos.mx\/2026\/category\/noticias\/"},{"@type":"ListItem","position":3,"name":"Entrevista a Yoel Vaca, director comercial de Wittmann"}]},{"@type":"WebSite","@id":"https:\/\/expoplasticos.mx\/2026\/#website","url":"https:\/\/expoplasticos.mx\/2026\/","name":"Expo Pl\u00e1sticos 2026","description":"El punto de encuentro para la transformaci\u00f3n de la industria del pl\u00e1stico","publisher":{"@id":"https:\/\/expoplasticos.mx\/2026\/#organization"},"potentialAction":[{"@type":"SearchAction","target":{"@type":"EntryPoint","urlTemplate":"https:\/\/expoplasticos.mx\/2026\/?s={search_term_string}"},"query-input":{"@type":"PropertyValueSpecification","valueRequired":true,"valueName":"search_term_string"}}],"inLanguage":"es"},{"@type":"Organization","@id":"https:\/\/expoplasticos.mx\/2026\/#organization","name":"Expo Pl\u00e1sticos 2026","url":"https:\/\/expoplasticos.mx\/2026\/","logo":{"@type":"ImageObject","inLanguage":"es","@id":"https:\/\/expoplasticos.mx\/2026\/#\/schema\/logo\/image\/","url":"https:\/\/expoplasticos.mx\/2026\/wp-content\/uploads\/2025\/10\/EP26_LogYoast.webp","contentUrl":"https:\/\/expoplasticos.mx\/2026\/wp-content\/uploads\/2025\/10\/EP26_LogYoast.webp","width":875,"height":286,"caption":"Expo Pl\u00e1sticos 2026"},"image":{"@id":"https:\/\/expoplasticos.mx\/2026\/#\/schema\/logo\/image\/"},"sameAs":["http:\/\/www.facebook.com\/ExpoPlasticos","https:\/\/x.com\/expoplasticos","http:\/\/www.instagram.com\/ExpoPlasticos","https:\/\/www.linkedin.com\/company\/expoplasticos\/posts\/?feedView=all","https:\/\/www.youtube.com\/@ExpoPlasticos"]},{"@type":"Person","@id":"https:\/\/expoplasticos.mx\/2026\/#\/schema\/person\/c14a8de37d62fa837c48472178d1c081","name":"daniela","image":{"@type":"ImageObject","inLanguage":"es","@id":"https:\/\/expoplasticos.mx\/2026\/#\/schema\/person\/image\/","url":"https:\/\/secure.gravatar.com\/avatar\/6804e94c76f778ac07bce28b7595d8a0248a29d955fb308ffce6715e3d08c55f?s=96&d=mm&r=g","contentUrl":"https:\/\/secure.gravatar.com\/avatar\/6804e94c76f778ac07bce28b7595d8a0248a29d955fb308ffce6715e3d08c55f?s=96&d=mm&r=g","caption":"daniela"},"sameAs":["http:\/\/expoplasticos.mx\/2026"]}]}},"_links":{"self":[{"href":"https:\/\/expoplasticos.mx\/2026\/wp-json\/wp\/v2\/posts\/987497602","targetHints":{"allow":["GET"]}}],"collection":[{"href":"https:\/\/expoplasticos.mx\/2026\/wp-json\/wp\/v2\/posts"}],"about":[{"href":"https:\/\/expoplasticos.mx\/2026\/wp-json\/wp\/v2\/types\/post"}],"author":[{"embeddable":true,"href":"https:\/\/expoplasticos.mx\/2026\/wp-json\/wp\/v2\/users\/1"}],"replies":[{"embeddable":true,"href":"https:\/\/expoplasticos.mx\/2026\/wp-json\/wp\/v2\/comments?post=987497602"}],"version-history":[{"count":1,"href":"https:\/\/expoplasticos.mx\/2026\/wp-json\/wp\/v2\/posts\/987497602\/revisions"}],"predecessor-version":[{"id":987497604,"href":"https:\/\/expoplasticos.mx\/2026\/wp-json\/wp\/v2\/posts\/987497602\/revisions\/987497604"}],"wp:featuredmedia":[{"embeddable":true,"href":"https:\/\/expoplasticos.mx\/2026\/wp-json\/wp\/v2\/media\/987497603"}],"wp:attachment":[{"href":"https:\/\/expoplasticos.mx\/2026\/wp-json\/wp\/v2\/media?parent=987497602"}],"wp:term":[{"taxonomy":"category","embeddable":true,"href":"https:\/\/expoplasticos.mx\/2026\/wp-json\/wp\/v2\/categories?post=987497602"},{"taxonomy":"post_tag","embeddable":true,"href":"https:\/\/expoplasticos.mx\/2026\/wp-json\/wp\/v2\/tags?post=987497602"}],"curies":[{"name":"wp","href":"https:\/\/api.w.org\/{rel}","templated":true}]}}